{"id":11591,"date":"2020-09-11T18:25:18","date_gmt":"2020-09-12T00:25:18","guid":{"rendered":"http:\/\/www.nanchital.gob.mx\/?p=11591"},"modified":"2020-09-11T18:25:18","modified_gmt":"2020-09-12T00:25:18","slug":"se-realizara-grito-virtual-por-la-independencia-de-mexico","status":"publish","type":"post","link":"https:\/\/www.nanchital.gob.mx\/wp-nanchital\/se-realizara-grito-virtual-por-la-independencia-de-mexico\/","title":{"rendered":"Se realizar\u00e1 Grito Virtual por la Independencia de M\u00e9xico"},"content":{"rendered":"<p>Debido a la contingencia por el Covid 19, el Gobierno Municipal que preside la Dra. Zoila Balderas Guzm\u00e1n llevar\u00e1 a cabo la ceremonia del grito de Independencia de M\u00e9xico de manera virtual a trav\u00e9s de la p\u00e1gina de Facebook del Ayuntamiento de Nanchital. Nanchital se encuentra en sem\u00e1foro naranja, por lo que los actos masivos no est\u00e1n permitidos en el municipio, de tal manera que para no dejar pasar esta fecha tan importante de nuestro pa\u00eds, se determin\u00f3 celebrarla de forma virtual en redes sociales.<\/p>\n<p>\u201cPara nosotros no s\u00f3lo significa un acto patri\u00f3tico, sino de fomentar la econom\u00eda local contratando a grupos locales para que tengan un ingreso en esta \u00e9poca dif\u00edcil en la que el sector art\u00edstico se ha visto perjudicado por la pandemia, por ello tendremos al se\u00f1or Panchito Garrido, al Mariachi Fina Estampa y al joven Dj Perroni para amenizar la noche del 15 de septiembre\u201d, inform\u00f3 la alcaldesa Dra. Zoila Balderas Guzm\u00e1n.<\/p>\n","protected":false},"excerpt":{"rendered":"<p>Debido a la contingencia por el Covid 19, el Gobierno Municipal que preside la Dra. Zoila Balderas Guzm\u00e1n llevar\u00e1 a cabo la ceremonia del grito de Independencia de M\u00e9xico de manera virtual a trav\u00e9s de la p\u00e1gina de Facebook del Ayuntamiento de Nanchital. Nanchital se encuentra en sem\u00e1foro naranja, por lo que los actos masivos&hellip; <br \/> <a class=\"read-more\" href=\"https:\/\/www.nanchital.gob.mx\/wp-nanchital\/se-realizara-grito-virtual-por-la-independencia-de-mexico\/\">Leer m\u00e1s<\/a><\/p>\n","protected":false},"author":7,"featured_media":11593,"comment_status":"closed","ping_status":"closed","sticky":false,"template":"","format":"standard","meta":{"footnotes":""},"categories":[4],"tags":[],"class_list":["post-11591","post","type-post","status-publish","format-standard","has-post-thumbnail","hentry","category-noticias"],"_links":{"self":[{"href":"https:\/\/www.nanchital.gob.mx\/wp-nanchital\/wp-json\/wp\/v2\/posts\/11591","targetHints":{"allow":["GET"]}}],"collection":[{"href":"https:\/\/www.nanchital.gob.mx\/wp-nanchital\/wp-json\/wp\/v2\/posts"}],"about":[{"href":"https:\/\/www.nanchital.gob.mx\/wp-nanchital\/wp-json\/wp\/v2\/types\/post"}],"author":[{"embeddable":true,"href":"https:\/\/www.nanchital.gob.mx\/wp-nanchital\/wp-json\/wp\/v2\/users\/7"}],"replies":[{"embeddable":true,"href":"https:\/\/www.nanchital.gob.mx\/wp-nanchital\/wp-json\/wp\/v2\/comments?post=11591"}],"version-history":[{"count":1,"href":"https:\/\/www.nanchital.gob.mx\/wp-nanchital\/wp-json\/wp\/v2\/posts\/11591\/revisions"}],"predecessor-version":[{"id":11594,"href":"https:\/\/www.nanchital.gob.mx\/wp-nanchital\/wp-json\/wp\/v2\/posts\/11591\/revisions\/11594"}],"wp:featuredmedia":[{"embeddable":true,"href":"https:\/\/www.nanchital.gob.mx\/wp-nanchital\/wp-json\/wp\/v2\/media\/11593"}],"wp:attachment":[{"href":"https:\/\/www.nanchital.gob.mx\/wp-nanchital\/wp-json\/wp\/v2\/media?parent=11591"}],"wp:term":[{"taxonomy":"category","embeddable":true,"href":"https:\/\/www.nanchital.gob.mx\/wp-nanchital\/wp-json\/wp\/v2\/categories?post=11591"},{"taxonomy":"post_tag","embeddable":true,"href":"https:\/\/www.nanchital.gob.mx\/wp-nanchital\/wp-json\/wp\/v2\/tags?post=11591"}],"curies":[{"name":"wp","href":"https:\/\/api.w.org\/{rel}","templated":true}]}}