{"id":11549,"date":"2020-08-25T10:53:30","date_gmt":"2020-08-25T16:53:30","guid":{"rendered":"http:\/\/www.nanchital.gob.mx\/?p=11549"},"modified":"2020-08-25T10:53:30","modified_gmt":"2020-08-25T16:53:30","slug":"se-conmemora-el-dia-naranja-en-el-centro-de-desarrollo-comunitario","status":"publish","type":"post","link":"https:\/\/www.nanchital.gob.mx\/wp-nanchital\/se-conmemora-el-dia-naranja-en-el-centro-de-desarrollo-comunitario\/","title":{"rendered":"Se conmemora el D\u00eda Naranja en el Centro de Desarrollo Comunitario"},"content":{"rendered":"<p>Con el objetivo de conmemorar el D\u00eda Naranja, el Gobierno Municipal que preside la Dra. Zoila Balderas Guzm\u00e1n realiz\u00f3 a trav\u00e9s del Instituto Municipal de la Mujer, una actividad informativa sobre la no violencia contra la mujer, adem\u00e1s de obsequiar arroz con leche a los transe\u00fantes.<\/p>\n","protected":false},"excerpt":{"rendered":"<p>Con el objetivo de conmemorar el D\u00eda Naranja, el Gobierno Municipal que preside la Dra. Zoila Balderas Guzm\u00e1n realiz\u00f3 a trav\u00e9s del Instituto Municipal de la Mujer, una actividad informativa sobre la no violencia contra la mujer, adem\u00e1s de obsequiar arroz con leche a los transe\u00fantes.<\/p>\n","protected":false},"author":7,"featured_media":11551,"comment_status":"closed","ping_status":"closed","sticky":false,"template":"","format":"standard","meta":{"footnotes":""},"categories":[4],"tags":[],"class_list":["post-11549","post","type-post","status-publish","format-standard","has-post-thumbnail","hentry","category-noticias"],"_links":{"self":[{"href":"https:\/\/www.nanchital.gob.mx\/wp-nanchital\/wp-json\/wp\/v2\/posts\/11549","targetHints":{"allow":["GET"]}}],"collection":[{"href":"https:\/\/www.nanchital.gob.mx\/wp-nanchital\/wp-json\/wp\/v2\/posts"}],"about":[{"href":"https:\/\/www.nanchital.gob.mx\/wp-nanchital\/wp-json\/wp\/v2\/types\/post"}],"author":[{"embeddable":true,"href":"https:\/\/www.nanchital.gob.mx\/wp-nanchital\/wp-json\/wp\/v2\/users\/7"}],"replies":[{"embeddable":true,"href":"https:\/\/www.nanchital.gob.mx\/wp-nanchital\/wp-json\/wp\/v2\/comments?post=11549"}],"version-history":[{"count":1,"href":"https:\/\/www.nanchital.gob.mx\/wp-nanchital\/wp-json\/wp\/v2\/posts\/11549\/revisions"}],"predecessor-version":[{"id":11552,"href":"https:\/\/www.nanchital.gob.mx\/wp-nanchital\/wp-json\/wp\/v2\/posts\/11549\/revisions\/11552"}],"wp:featuredmedia":[{"embeddable":true,"href":"https:\/\/www.nanchital.gob.mx\/wp-nanchital\/wp-json\/wp\/v2\/media\/11551"}],"wp:attachment":[{"href":"https:\/\/www.nanchital.gob.mx\/wp-nanchital\/wp-json\/wp\/v2\/media?parent=11549"}],"wp:term":[{"taxonomy":"category","embeddable":true,"href":"https:\/\/www.nanchital.gob.mx\/wp-nanchital\/wp-json\/wp\/v2\/categories?post=11549"},{"taxonomy":"post_tag","embeddable":true,"href":"https:\/\/www.nanchital.gob.mx\/wp-nanchital\/wp-json\/wp\/v2\/tags?post=11549"}],"curies":[{"name":"wp","href":"https:\/\/api.w.org\/{rel}","templated":true}]}}