{"id":11538,"date":"2020-08-22T14:49:28","date_gmt":"2020-08-22T20:49:28","guid":{"rendered":"http:\/\/www.nanchital.gob.mx\/?p=11538"},"modified":"2020-08-22T14:49:28","modified_gmt":"2020-08-22T20:49:28","slug":"se-continua-exhortando-en-el-uso-del-cubrebocas","status":"publish","type":"post","link":"https:\/\/www.nanchital.gob.mx\/wp-nanchital\/se-continua-exhortando-en-el-uso-del-cubrebocas\/","title":{"rendered":"Se contin\u00faa exhortando en el uso del cubrebocas"},"content":{"rendered":"<p>Como parte de las acciones para evitar la propagaci\u00f3n del Covid-19, el Gobierno Municipal que preside la Dra. Zoila Balderas Guzm\u00e1n a trav\u00e9s de la direcci\u00f3n de comercio, coloc\u00f3 calcoman\u00edas invitando al uso del cubrebocas en m\u00e1s de 150 establecimientos de Nanchital comprendidos en la zona centro hasta el mercado campesino Francisco Balderas.<\/p>\n","protected":false},"excerpt":{"rendered":"<p>Como parte de las acciones para evitar la propagaci\u00f3n del Covid-19, el Gobierno Municipal que preside la Dra. Zoila Balderas Guzm\u00e1n a trav\u00e9s de la direcci\u00f3n de comercio, coloc\u00f3 calcoman\u00edas invitando al uso del cubrebocas en m\u00e1s de 150 establecimientos de Nanchital comprendidos en la zona centro hasta el mercado campesino Francisco Balderas.<\/p>\n","protected":false},"author":7,"featured_media":11540,"comment_status":"closed","ping_status":"closed","sticky":false,"template":"","format":"standard","meta":{"footnotes":""},"categories":[4],"tags":[],"class_list":["post-11538","post","type-post","status-publish","format-standard","has-post-thumbnail","hentry","category-noticias"],"_links":{"self":[{"href":"https:\/\/www.nanchital.gob.mx\/wp-nanchital\/wp-json\/wp\/v2\/posts\/11538","targetHints":{"allow":["GET"]}}],"collection":[{"href":"https:\/\/www.nanchital.gob.mx\/wp-nanchital\/wp-json\/wp\/v2\/posts"}],"about":[{"href":"https:\/\/www.nanchital.gob.mx\/wp-nanchital\/wp-json\/wp\/v2\/types\/post"}],"author":[{"embeddable":true,"href":"https:\/\/www.nanchital.gob.mx\/wp-nanchital\/wp-json\/wp\/v2\/users\/7"}],"replies":[{"embeddable":true,"href":"https:\/\/www.nanchital.gob.mx\/wp-nanchital\/wp-json\/wp\/v2\/comments?post=11538"}],"version-history":[{"count":1,"href":"https:\/\/www.nanchital.gob.mx\/wp-nanchital\/wp-json\/wp\/v2\/posts\/11538\/revisions"}],"predecessor-version":[{"id":11541,"href":"https:\/\/www.nanchital.gob.mx\/wp-nanchital\/wp-json\/wp\/v2\/posts\/11538\/revisions\/11541"}],"wp:featuredmedia":[{"embeddable":true,"href":"https:\/\/www.nanchital.gob.mx\/wp-nanchital\/wp-json\/wp\/v2\/media\/11540"}],"wp:attachment":[{"href":"https:\/\/www.nanchital.gob.mx\/wp-nanchital\/wp-json\/wp\/v2\/media?parent=11538"}],"wp:term":[{"taxonomy":"category","embeddable":true,"href":"https:\/\/www.nanchital.gob.mx\/wp-nanchital\/wp-json\/wp\/v2\/categories?post=11538"},{"taxonomy":"post_tag","embeddable":true,"href":"https:\/\/www.nanchital.gob.mx\/wp-nanchital\/wp-json\/wp\/v2\/tags?post=11538"}],"curies":[{"name":"wp","href":"https:\/\/api.w.org\/{rel}","templated":true}]}}