{"id":11534,"date":"2020-08-22T14:46:33","date_gmt":"2020-08-22T20:46:33","guid":{"rendered":"http:\/\/www.nanchital.gob.mx\/?p=11534"},"modified":"2020-08-22T14:46:33","modified_gmt":"2020-08-22T20:46:33","slug":"se-inicia-la-construccion-de-22-cuartos-para-familias-vulnerables","status":"publish","type":"post","link":"https:\/\/www.nanchital.gob.mx\/wp-nanchital\/se-inicia-la-construccion-de-22-cuartos-para-familias-vulnerables\/","title":{"rendered":"Se inicia la construcci\u00f3n de 22 cuartos para familias vulnerables"},"content":{"rendered":"<p>Como parte de las obras en beneficio del Desarrollo Social, el Gobierno Municipal que preside la Dra. Zoila Balderas Guzm\u00e1n inici\u00f3 la construcci\u00f3n de cuartos dormitorios con los que se beneficiar\u00e1n a 22 familias vulnerables de Nanchital. Estos cuartos se est\u00e1n realizando en las colonias San Agust\u00edn, Manuel Ram\u00edrez, San Regino, Monte Alb\u00e1n, Dos torres y Benito Ju\u00e1rez, atendiendo a las solicitudes realizadas por los ciudadanos en situaci\u00f3n de vulnerabilidad, que realizaron su petici\u00f3n con anterioridad.<\/p>\n<p>\u201cEsperamos que a finales de septiembre podamos entregar estos cuartos a las familias que lo necesitan, es un gran esfuerzo que estamos llevando a cabo como Ayuntamiento para mejorar la calidad de vida de los ciudadanos, seguiremos impulsando el desarrollo social en el municipio\u201d afirm\u00f3 la Dra. Zoila Balderas Guzm\u00e1n, alcaldesa de Nanchital.<\/p>\n","protected":false},"excerpt":{"rendered":"<p>Como parte de las obras en beneficio del Desarrollo Social, el Gobierno Municipal que preside la Dra. Zoila Balderas Guzm\u00e1n inici\u00f3 la construcci\u00f3n de cuartos dormitorios con los que se beneficiar\u00e1n a 22 familias vulnerables de Nanchital. Estos cuartos se est\u00e1n realizando en las colonias San Agust\u00edn, Manuel Ram\u00edrez, San Regino, Monte Alb\u00e1n, Dos torres&hellip; <br \/> <a class=\"read-more\" href=\"https:\/\/www.nanchital.gob.mx\/wp-nanchital\/se-inicia-la-construccion-de-22-cuartos-para-familias-vulnerables\/\">Leer m\u00e1s<\/a><\/p>\n","protected":false},"author":7,"featured_media":11536,"comment_status":"closed","ping_status":"closed","sticky":false,"template":"","format":"standard","meta":{"footnotes":""},"categories":[4],"tags":[],"class_list":["post-11534","post","type-post","status-publish","format-standard","has-post-thumbnail","hentry","category-noticias"],"_links":{"self":[{"href":"https:\/\/www.nanchital.gob.mx\/wp-nanchital\/wp-json\/wp\/v2\/posts\/11534","targetHints":{"allow":["GET"]}}],"collection":[{"href":"https:\/\/www.nanchital.gob.mx\/wp-nanchital\/wp-json\/wp\/v2\/posts"}],"about":[{"href":"https:\/\/www.nanchital.gob.mx\/wp-nanchital\/wp-json\/wp\/v2\/types\/post"}],"author":[{"embeddable":true,"href":"https:\/\/www.nanchital.gob.mx\/wp-nanchital\/wp-json\/wp\/v2\/users\/7"}],"replies":[{"embeddable":true,"href":"https:\/\/www.nanchital.gob.mx\/wp-nanchital\/wp-json\/wp\/v2\/comments?post=11534"}],"version-history":[{"count":1,"href":"https:\/\/www.nanchital.gob.mx\/wp-nanchital\/wp-json\/wp\/v2\/posts\/11534\/revisions"}],"predecessor-version":[{"id":11537,"href":"https:\/\/www.nanchital.gob.mx\/wp-nanchital\/wp-json\/wp\/v2\/posts\/11534\/revisions\/11537"}],"wp:featuredmedia":[{"embeddable":true,"href":"https:\/\/www.nanchital.gob.mx\/wp-nanchital\/wp-json\/wp\/v2\/media\/11536"}],"wp:attachment":[{"href":"https:\/\/www.nanchital.gob.mx\/wp-nanchital\/wp-json\/wp\/v2\/media?parent=11534"}],"wp:term":[{"taxonomy":"category","embeddable":true,"href":"https:\/\/www.nanchital.gob.mx\/wp-nanchital\/wp-json\/wp\/v2\/categories?post=11534"},{"taxonomy":"post_tag","embeddable":true,"href":"https:\/\/www.nanchital.gob.mx\/wp-nanchital\/wp-json\/wp\/v2\/tags?post=11534"}],"curies":[{"name":"wp","href":"https:\/\/api.w.org\/{rel}","templated":true}]}}