{"id":11475,"date":"2020-08-13T14:27:52","date_gmt":"2020-08-13T20:27:52","guid":{"rendered":"http:\/\/www.nanchital.gob.mx\/?p=11475"},"modified":"2020-08-13T14:27:52","modified_gmt":"2020-08-13T20:27:52","slug":"se-realiza-limpieza-en-el-bulevar-lopez-portillo","status":"publish","type":"post","link":"https:\/\/www.nanchital.gob.mx\/wp-nanchital\/se-realiza-limpieza-en-el-bulevar-lopez-portillo\/","title":{"rendered":"Se realiza limpieza en el Bulevar L\u00f3pez Portillo"},"content":{"rendered":"<div class=\"_1t_p clearfix\">\n<div class=\"_41ud\">\n<div class=\"clearfix _o46 _3erg _29_7 _8lma direction_ltr text_align_ltr\">\n<div id=\"js_1x\" class=\"_3058 _ui9 _hh7 _6ybn _s1- _52mr _3oh-\">\n<div class=\"_aok _7i2m\"><span class=\"_3oh- _58nk\">El Gobierno Municipal que preside la Dra. Zoila Balderas Guzm\u00e1n llev\u00f3 a cabo la limpieza de las \u00e1reas verdes del bulevar Jos\u00e9 L\u00f3pez Portillo, cumpliendo con las labores de embellecimiento de los espacios p\u00fablicos.<\/span><\/div>\n<\/div>\n<\/div>\n<div class=\"clearfix _o46 _3erg _29_7 direction_ltr text_align_ltr _ylc\">\n<div class=\"_3058 _15gf\">\n<div id=\"js_2b\" class=\"_3zvs _5z-5\"><\/div>\n<\/div>\n<\/div>\n<\/div>\n<\/div>\n","protected":false},"excerpt":{"rendered":"<p>El Gobierno Municipal que preside la Dra. Zoila Balderas Guzm\u00e1n llev\u00f3 a cabo la limpieza de las \u00e1reas verdes del bulevar Jos\u00e9 L\u00f3pez Portillo, cumpliendo con las labores de embellecimiento de los espacios p\u00fablicos.<\/p>\n","protected":false},"author":7,"featured_media":11477,"comment_status":"closed","ping_status":"closed","sticky":false,"template":"","format":"standard","meta":{"footnotes":""},"categories":[4],"tags":[],"class_list":["post-11475","post","type-post","status-publish","format-standard","has-post-thumbnail","hentry","category-noticias"],"_links":{"self":[{"href":"https:\/\/www.nanchital.gob.mx\/wp-nanchital\/wp-json\/wp\/v2\/posts\/11475","targetHints":{"allow":["GET"]}}],"collection":[{"href":"https:\/\/www.nanchital.gob.mx\/wp-nanchital\/wp-json\/wp\/v2\/posts"}],"about":[{"href":"https:\/\/www.nanchital.gob.mx\/wp-nanchital\/wp-json\/wp\/v2\/types\/post"}],"author":[{"embeddable":true,"href":"https:\/\/www.nanchital.gob.mx\/wp-nanchital\/wp-json\/wp\/v2\/users\/7"}],"replies":[{"embeddable":true,"href":"https:\/\/www.nanchital.gob.mx\/wp-nanchital\/wp-json\/wp\/v2\/comments?post=11475"}],"version-history":[{"count":1,"href":"https:\/\/www.nanchital.gob.mx\/wp-nanchital\/wp-json\/wp\/v2\/posts\/11475\/revisions"}],"predecessor-version":[{"id":11478,"href":"https:\/\/www.nanchital.gob.mx\/wp-nanchital\/wp-json\/wp\/v2\/posts\/11475\/revisions\/11478"}],"wp:featuredmedia":[{"embeddable":true,"href":"https:\/\/www.nanchital.gob.mx\/wp-nanchital\/wp-json\/wp\/v2\/media\/11477"}],"wp:attachment":[{"href":"https:\/\/www.nanchital.gob.mx\/wp-nanchital\/wp-json\/wp\/v2\/media?parent=11475"}],"wp:term":[{"taxonomy":"category","embeddable":true,"href":"https:\/\/www.nanchital.gob.mx\/wp-nanchital\/wp-json\/wp\/v2\/categories?post=11475"},{"taxonomy":"post_tag","embeddable":true,"href":"https:\/\/www.nanchital.gob.mx\/wp-nanchital\/wp-json\/wp\/v2\/tags?post=11475"}],"curies":[{"name":"wp","href":"https:\/\/api.w.org\/{rel}","templated":true}]}}