{"id":11459,"date":"2020-08-12T14:37:49","date_gmt":"2020-08-12T20:37:49","guid":{"rendered":"http:\/\/www.nanchital.gob.mx\/?p=11459"},"modified":"2020-08-12T14:37:49","modified_gmt":"2020-08-12T20:37:49","slug":"se-brinda-apoyo-a-la-eti-118","status":"publish","type":"post","link":"https:\/\/www.nanchital.gob.mx\/wp-nanchital\/se-brinda-apoyo-a-la-eti-118\/","title":{"rendered":"Se brinda apoyo a la ETI 118"},"content":{"rendered":"<div>\n<div class=\"_1t_p clearfix\">\n<div class=\"_41ud\">\n<div class=\"clearfix _o46 _3erg _29_7 _8lma direction_ltr text_align_ltr\">\n<div id=\"js_3z\" class=\"_3058 _ui9 _hh7 _6ybn _s1- _52mr _3oh-\">\n<div class=\"_aok _7i2m\"><span class=\"_3oh- _58nk\">El Gobierno Municipal que preside la Dra. Zoila Balderas Guzm\u00e1n atendi\u00f3 la solicitud de la Secundaria T\u00e9cnica Industrial 118 para la transportaci\u00f3n de Xalapa a Nanchital, del mobiliario y equipo que la Direcci\u00f3n de Espacio Educativos de la SEV, otorg\u00f3 a la instituci\u00f3n.<\/span><\/div>\n<\/div>\n<\/div>\n<\/div>\n<\/div>\n<\/div>\n<div>\n<div class=\"_1t_p clearfix\">\n<div class=\"_1t_q\">\n<div class=\"_7934 _150g uiPopover _6a _6b\">\n<div class=\"_4ldz _1t_r _p\" role=\"button\">\n<div class=\"_4ld- _7q1r\"><\/div>\n<\/div>\n<\/div>\n<\/div>\n<div class=\"_41ud\">\n<div class=\"clearfix _o46 _3erg _29_7 _8lma direction_ltr text_align_ltr _ylc\">\n<div class=\"_3058 _15gf\">\n<div id=\"js_4a\" class=\"_3zvs _5z-5\">\n<div class=\"_2poz _52mr _ui9 _2n8h _2n8i _5fk1\">\n<div class=\"_4tsk _52mr _1byr\" role=\"presentation\">\n<div><img decoding=\"async\" class=\"_52mr _1byr _5pf5 img aligncenter\" src=\"https:\/\/scontent.fmex4-2.fna.fbcdn.net\/v\/t1.15752-0\/p480x480\/117385711_218643672864827_8967549094260800052_n.jpg?_nc_cat=107&amp;_nc_sid=b96e70&amp;_nc_eui2=AeEqb9buvysGrDrEFnIU1yEVfqVbcu1LD5R-pVty7UsPlJ3Qy5IrKMvMFSUXbylCowlERCPJQd91KizEBM8yUaVd&amp;_nc_ohc=fyyEvxpYwJ4AX9iCD7d&amp;_nc_ht=scontent.fmex4-2.fna&amp;_nc_tp=6&amp;oh=51c12df263693ad535e37d6a4400fb58&amp;oe=5F583EFD\" alt=\"\" \/><\/div>\n<\/div>\n<\/div>\n<div class=\"_8rnv preview\">\n<div class=\"_7ef9\">\n<div class=\"_aou\" role=\"button\"><\/div>\n<div class=\"_aou _aov\"><\/div>\n<\/div>\n<\/div>\n<p><button class=\"_8sop _7iov _7-_v\"><\/button><button class=\"_8sop _3-wv _7i2n\"><\/button><button class=\"_8sop _2rvp _7i2l\"><\/button><\/div>\n<\/div>\n<\/div>\n<\/div>\n<\/div>\n<\/div>\n","protected":false},"excerpt":{"rendered":"<p>El Gobierno Municipal que preside la Dra. Zoila Balderas Guzm\u00e1n atendi\u00f3 la solicitud de la Secundaria T\u00e9cnica Industrial 118 para la transportaci\u00f3n de Xalapa a Nanchital, del mobiliario y equipo que la Direcci\u00f3n de Espacio Educativos de la SEV, otorg\u00f3 a la instituci\u00f3n.<\/p>\n","protected":false},"author":7,"featured_media":11461,"comment_status":"closed","ping_status":"closed","sticky":false,"template":"","format":"standard","meta":{"footnotes":""},"categories":[4],"tags":[],"class_list":["post-11459","post","type-post","status-publish","format-standard","has-post-thumbnail","hentry","category-noticias"],"_links":{"self":[{"href":"https:\/\/www.nanchital.gob.mx\/wp-nanchital\/wp-json\/wp\/v2\/posts\/11459","targetHints":{"allow":["GET"]}}],"collection":[{"href":"https:\/\/www.nanchital.gob.mx\/wp-nanchital\/wp-json\/wp\/v2\/posts"}],"about":[{"href":"https:\/\/www.nanchital.gob.mx\/wp-nanchital\/wp-json\/wp\/v2\/types\/post"}],"author":[{"embeddable":true,"href":"https:\/\/www.nanchital.gob.mx\/wp-nanchital\/wp-json\/wp\/v2\/users\/7"}],"replies":[{"embeddable":true,"href":"https:\/\/www.nanchital.gob.mx\/wp-nanchital\/wp-json\/wp\/v2\/comments?post=11459"}],"version-history":[{"count":1,"href":"https:\/\/www.nanchital.gob.mx\/wp-nanchital\/wp-json\/wp\/v2\/posts\/11459\/revisions"}],"predecessor-version":[{"id":11462,"href":"https:\/\/www.nanchital.gob.mx\/wp-nanchital\/wp-json\/wp\/v2\/posts\/11459\/revisions\/11462"}],"wp:featuredmedia":[{"embeddable":true,"href":"https:\/\/www.nanchital.gob.mx\/wp-nanchital\/wp-json\/wp\/v2\/media\/11461"}],"wp:attachment":[{"href":"https:\/\/www.nanchital.gob.mx\/wp-nanchital\/wp-json\/wp\/v2\/media?parent=11459"}],"wp:term":[{"taxonomy":"category","embeddable":true,"href":"https:\/\/www.nanchital.gob.mx\/wp-nanchital\/wp-json\/wp\/v2\/categories?post=11459"},{"taxonomy":"post_tag","embeddable":true,"href":"https:\/\/www.nanchital.gob.mx\/wp-nanchital\/wp-json\/wp\/v2\/tags?post=11459"}],"curies":[{"name":"wp","href":"https:\/\/api.w.org\/{rel}","templated":true}]}}