{"id":11016,"date":"2020-05-29T19:35:45","date_gmt":"2020-05-30T01:35:45","guid":{"rendered":"http:\/\/www.nanchital.gob.mx\/?p=11016"},"modified":"2020-05-29T19:35:45","modified_gmt":"2020-05-30T01:35:45","slug":"comunicado-oficial-3","status":"publish","type":"post","link":"https:\/\/www.nanchital.gob.mx\/wp-nanchital\/comunicado-oficial-3\/","title":{"rendered":"Comunicado Oficial"},"content":{"rendered":"<div class=\"_3_bl\">\n<div class=\"_5w1r _3_om _5wdf\">\n<div class=\"_4gx_\">\n<div class=\"_1aa6\">\n<div class=\"\" style=\"text-align: center\"><strong><span class=\"_5yl5\">PARA CONOCIMIENTO DE LA POBLACI\u00d3N DE NANCHITAL DE L\u00c1ZARO C\u00c1RDENAS DEL R\u00cdO, VERACRUZ <\/span><\/strong><\/div>\n<div class=\"\"><span class=\"_5yl5\">Conscientes de la problem\u00e1tica de los apagones de energ\u00eda el\u00e9ctrica que en reiteradas ocasiones se ha padecido en nuestra ciudad, el Gobierno Municipal hace del conocimiento p\u00fablico, el escrito que se ha presentado hoy mediante v\u00eda correo electr\u00f3nico por la situaci\u00f3n de contingencia, en el cual se presenta la inconformidad ciudadana de manera formal, en el entendido que, como representantes del municipio de Nanchital, se debe exigir a las autoridades se trabaje en la soluci\u00f3n de esta situaci\u00f3n que aqueja a toda la poblaci\u00f3n. Seguiremos trabajando por el bien de Nanchital para mejorar la calidad de vida de sus habitantes. Atentamente Dra. Zoila Balderas Guzm\u00e1n Presidente Municipal Constitucional<\/span><\/div>\n<\/div>\n<\/div>\n<\/div>\n<\/div>\n<p><img decoding=\"async\" class=\"img\" src=\"https:\/\/scontent-qro1-1.xx.fbcdn.net\/v\/t1.15752-9\/p1080x2048\/100567896_3081999261858571_668776388521623552_n.jpg?_nc_cat=109&amp;_nc_sid=b96e70&amp;_nc_eui2=AeGLuaPFNg8XQQou-5e_7eP6JkqwJjl3_MkmSrAmOXf8ybzXJOZ5PPUPF394zkVj1sF9Ej9aiu1xWCqL-pKaZYCa&amp;_nc_oc=AQkXQn-MML1N0WOYGayPfa90Pq3VaOhDmW_YKceAxBUDu9BBVIpm1c7bQYJxu5O0AQk&amp;_nc_ht=scontent-qro1-1.xx&amp;_nc_tp=6&amp;oh=94dc5321702d5425e1fb04c4e554e6e0&amp;oe=5EF90640\" alt=\"\" \/><\/p>\n<p><img decoding=\"async\" class=\"img\" src=\"https:\/\/scontent-qro1-1.xx.fbcdn.net\/v\/t1.15752-9\/p1080x2048\/100864538_662731251237559_2828195596018384896_n.jpg?_nc_cat=106&amp;_nc_sid=b96e70&amp;_nc_eui2=AeFZ1zrKDSLgjSjH679EK-FvwLjeT7yqgDfAuN5PvKqAN8lBDjW3c66Tn7an-TA6Ydx1Gy7ITno9jR3iV7y0pazF&amp;_nc_oc=AQk7rvWsIRra_g6fFcJE0PDI4OqO1ZFNCbwupHlSztYmEhM07eBkjGczeRWlZi8v1B8&amp;_nc_ht=scontent-qro1-1.xx&amp;_nc_tp=6&amp;oh=6deb8e7102541113f688e36e15622c96&amp;oe=5EF5CC73\" alt=\"\" \/><\/p>\n","protected":false},"excerpt":{"rendered":"<p>PARA CONOCIMIENTO DE LA POBLACI\u00d3N DE NANCHITAL DE L\u00c1ZARO C\u00c1RDENAS DEL R\u00cdO, VERACRUZ Conscientes de la problem\u00e1tica de los apagones de energ\u00eda el\u00e9ctrica que en reiteradas ocasiones se ha padecido en nuestra ciudad, el Gobierno Municipal hace del conocimiento p\u00fablico, el escrito que se ha presentado hoy mediante v\u00eda correo electr\u00f3nico por la situaci\u00f3n de&hellip; <br \/> <a class=\"read-more\" href=\"https:\/\/www.nanchital.gob.mx\/wp-nanchital\/comunicado-oficial-3\/\">Leer m\u00e1s<\/a><\/p>\n","protected":false},"author":7,"featured_media":11018,"comment_status":"closed","ping_status":"closed","sticky":false,"template":"","format":"standard","meta":{"footnotes":""},"categories":[4],"tags":[],"class_list":["post-11016","post","type-post","status-publish","format-standard","has-post-thumbnail","hentry","category-noticias"],"_links":{"self":[{"href":"https:\/\/www.nanchital.gob.mx\/wp-nanchital\/wp-json\/wp\/v2\/posts\/11016","targetHints":{"allow":["GET"]}}],"collection":[{"href":"https:\/\/www.nanchital.gob.mx\/wp-nanchital\/wp-json\/wp\/v2\/posts"}],"about":[{"href":"https:\/\/www.nanchital.gob.mx\/wp-nanchital\/wp-json\/wp\/v2\/types\/post"}],"author":[{"embeddable":true,"href":"https:\/\/www.nanchital.gob.mx\/wp-nanchital\/wp-json\/wp\/v2\/users\/7"}],"replies":[{"embeddable":true,"href":"https:\/\/www.nanchital.gob.mx\/wp-nanchital\/wp-json\/wp\/v2\/comments?post=11016"}],"version-history":[{"count":1,"href":"https:\/\/www.nanchital.gob.mx\/wp-nanchital\/wp-json\/wp\/v2\/posts\/11016\/revisions"}],"predecessor-version":[{"id":11019,"href":"https:\/\/www.nanchital.gob.mx\/wp-nanchital\/wp-json\/wp\/v2\/posts\/11016\/revisions\/11019"}],"wp:featuredmedia":[{"embeddable":true,"href":"https:\/\/www.nanchital.gob.mx\/wp-nanchital\/wp-json\/wp\/v2\/media\/11018"}],"wp:attachment":[{"href":"https:\/\/www.nanchital.gob.mx\/wp-nanchital\/wp-json\/wp\/v2\/media?parent=11016"}],"wp:term":[{"taxonomy":"category","embeddable":true,"href":"https:\/\/www.nanchital.gob.mx\/wp-nanchital\/wp-json\/wp\/v2\/categories?post=11016"},{"taxonomy":"post_tag","embeddable":true,"href":"https:\/\/www.nanchital.gob.mx\/wp-nanchital\/wp-json\/wp\/v2\/tags?post=11016"}],"curies":[{"name":"wp","href":"https:\/\/api.w.org\/{rel}","templated":true}]}}