{"id":10970,"date":"2020-05-27T12:53:48","date_gmt":"2020-05-27T18:53:48","guid":{"rendered":"http:\/\/www.nanchital.gob.mx\/?p=10970"},"modified":"2020-05-27T12:53:48","modified_gmt":"2020-05-27T18:53:48","slug":"se-inicia-con-operativo-de-reduccion-de-la-movilidad","status":"publish","type":"post","link":"https:\/\/www.nanchital.gob.mx\/wp-nanchital\/se-inicia-con-operativo-de-reduccion-de-la-movilidad\/","title":{"rendered":"Se inicia con operativo de reducci\u00f3n de la movilidad"},"content":{"rendered":"<div class=\"_3_bl\">\n<div class=\"_5w1r _3_om _5wdf\">\n<div class=\"_4gx_\">\n<div class=\"_1aa6\">\n<div class=\"\"><span class=\"_5yl5\">En coordinaci\u00f3n con la Delegaci\u00f3n N\u00famero 41 de Tr\u00e1nsito del Estado y la Polic\u00eda Estatal, el Gobierno Municipal que preside la Dra. Zoila Balderas Guzm\u00e1n en trabajo conjunto con el DIF de Nanchital que encabeza el Dr. Oscar Miguel Pi\u00f1a Balderas, llev\u00f3 a cabo el operativo de reducci\u00f3n de la movilidad que por decreto solicit\u00f3 el Gobierno del Estado de Veracruz, con la instalaci\u00f3n del filtro sanitario y el cierre de calles que estar\u00e1 hasta el domingo 31 de mayo.<\/span><\/div>\n<\/div>\n<\/div>\n<\/div>\n<\/div>\n<p><img decoding=\"async\" class=\"img\" src=\"https:\/\/scontent-qro1-1.xx.fbcdn.net\/v\/t1.15752-9\/s2048x2048\/99094441_2813972115391970_7924221524477739008_n.jpg?_nc_cat=110&amp;_nc_sid=b96e70&amp;_nc_eui2=AeETf9Z0NHTRMTV3P9op_xvSbvkZO3mtuJxu-Rk7ea24nL_AtqX4XsZdpvKbqe5eh2jboF7i9E8tIjO-ej51xhGj&amp;_nc_oc=AQnfrKDF6xMYMZVsrJByZ6Ix7BWx7nhfqJiv3GvnwCVovg9AmpwsU6US8Dcaq9C74eA&amp;_nc_ht=scontent-qro1-1.xx&amp;_nc_tp=7&amp;oh=d572f31587e088b6a33b79c58cd39827&amp;oe=5EF5725D\" alt=\"\" \/><\/p>\n","protected":false},"excerpt":{"rendered":"<p>En coordinaci\u00f3n con la Delegaci\u00f3n N\u00famero 41 de Tr\u00e1nsito del Estado y la Polic\u00eda Estatal, el Gobierno Municipal que preside la Dra. Zoila Balderas Guzm\u00e1n en trabajo conjunto con el DIF de Nanchital que encabeza el Dr. Oscar Miguel Pi\u00f1a Balderas, llev\u00f3 a cabo el operativo de reducci\u00f3n de la movilidad que por decreto solicit\u00f3&hellip; <br \/> <a class=\"read-more\" href=\"https:\/\/www.nanchital.gob.mx\/wp-nanchital\/se-inicia-con-operativo-de-reduccion-de-la-movilidad\/\">Leer m\u00e1s<\/a><\/p>\n","protected":false},"author":7,"featured_media":10972,"comment_status":"closed","ping_status":"closed","sticky":false,"template":"","format":"standard","meta":{"footnotes":""},"categories":[4],"tags":[],"class_list":["post-10970","post","type-post","status-publish","format-standard","has-post-thumbnail","hentry","category-noticias"],"_links":{"self":[{"href":"https:\/\/www.nanchital.gob.mx\/wp-nanchital\/wp-json\/wp\/v2\/posts\/10970","targetHints":{"allow":["GET"]}}],"collection":[{"href":"https:\/\/www.nanchital.gob.mx\/wp-nanchital\/wp-json\/wp\/v2\/posts"}],"about":[{"href":"https:\/\/www.nanchital.gob.mx\/wp-nanchital\/wp-json\/wp\/v2\/types\/post"}],"author":[{"embeddable":true,"href":"https:\/\/www.nanchital.gob.mx\/wp-nanchital\/wp-json\/wp\/v2\/users\/7"}],"replies":[{"embeddable":true,"href":"https:\/\/www.nanchital.gob.mx\/wp-nanchital\/wp-json\/wp\/v2\/comments?post=10970"}],"version-history":[{"count":1,"href":"https:\/\/www.nanchital.gob.mx\/wp-nanchital\/wp-json\/wp\/v2\/posts\/10970\/revisions"}],"predecessor-version":[{"id":10973,"href":"https:\/\/www.nanchital.gob.mx\/wp-nanchital\/wp-json\/wp\/v2\/posts\/10970\/revisions\/10973"}],"wp:featuredmedia":[{"embeddable":true,"href":"https:\/\/www.nanchital.gob.mx\/wp-nanchital\/wp-json\/wp\/v2\/media\/10972"}],"wp:attachment":[{"href":"https:\/\/www.nanchital.gob.mx\/wp-nanchital\/wp-json\/wp\/v2\/media?parent=10970"}],"wp:term":[{"taxonomy":"category","embeddable":true,"href":"https:\/\/www.nanchital.gob.mx\/wp-nanchital\/wp-json\/wp\/v2\/categories?post=10970"},{"taxonomy":"post_tag","embeddable":true,"href":"https:\/\/www.nanchital.gob.mx\/wp-nanchital\/wp-json\/wp\/v2\/tags?post=10970"}],"curies":[{"name":"wp","href":"https:\/\/api.w.org\/{rel}","templated":true}]}}