{"id":10876,"date":"2020-05-04T10:16:00","date_gmt":"2020-05-04T16:16:00","guid":{"rendered":"http:\/\/www.nanchital.gob.mx\/?p=10876"},"modified":"2020-05-04T10:16:00","modified_gmt":"2020-05-04T16:16:00","slug":"se-adquiere-nueva-unidad-recolectora-de-basura","status":"publish","type":"post","link":"https:\/\/www.nanchital.gob.mx\/wp-nanchital\/se-adquiere-nueva-unidad-recolectora-de-basura\/","title":{"rendered":"Se adquiere nueva unidad recolectora de basura"},"content":{"rendered":"<p>Con el objetivo de optimizar el servicio de recolecci\u00f3n de desechos en la ciudad, el Gobierno Municipal que preside la Dra. Zoila Balderas Guzm\u00e1n, ha adquirido una nueva unidad recolectora de basura con una capacidad para 3 toneladas. Esta unidad estar\u00e1 cubriendo la ruta de las calles Benito Ju\u00e1rez, Balderas, Alejandro I. Mendoza, Zapata, Florencio Cruz, as\u00ed como en las colonias Brunet, Oasis, Democracia y Libertad, por mencionar algunas. \u201cA partir de hoy estar\u00e1 en funciones esta nueva unidad que se hemos adquirido para beneficio de la poblaci\u00f3n, que en estos tiempos de contingencia sirve para apoyar las acciones preventivas que se han establecido para evitar la propagaci\u00f3n de enfermedades, adem\u00e1s de la optimizaci\u00f3n del servicio de limpia p\u00fablica\u201d afirm\u00f3 la alcaldesa, Dra. Zoila Balderas Guzm\u00e1n.<\/p>\n<p><img decoding=\"async\" class=\"img\" src=\"https:\/\/scontent-qro1-1.xx.fbcdn.net\/v\/t1.15752-9\/95365311_669682833609076_2453042138426900480_n.jpg?_nc_cat=100&amp;_nc_sid=b96e70&amp;_nc_eui2=AeE4yQA2RqXa2qAalShsBlIDU-5DH3juenxT7kMfeO56fHkZqmeLRw-hWY5XUbbTDw3SHKTvvvwHzikmOeZ45tsq&amp;_nc_oc=AQnp-OMb-3uQUl6FNr9BjMjJ4t3jQr_HrMLAV9Pmi7IXJggKGYbnrKOBSrr2JuOgec4&amp;_nc_ht=scontent-qro1-1.xx&amp;oh=e08f7a22c166ff6998eeac68dbfcfc77&amp;oe=5ED7410D\" alt=\"\" \/><\/p>\n","protected":false},"excerpt":{"rendered":"<p>Con el objetivo de optimizar el servicio de recolecci\u00f3n de desechos en la ciudad, el Gobierno Municipal que preside la Dra. Zoila Balderas Guzm\u00e1n, ha adquirido una nueva unidad recolectora de basura con una capacidad para 3 toneladas. Esta unidad estar\u00e1 cubriendo la ruta de las calles Benito Ju\u00e1rez, Balderas, Alejandro I. Mendoza, Zapata, Florencio&hellip; <br \/> <a class=\"read-more\" href=\"https:\/\/www.nanchital.gob.mx\/wp-nanchital\/se-adquiere-nueva-unidad-recolectora-de-basura\/\">Leer m\u00e1s<\/a><\/p>\n","protected":false},"author":7,"featured_media":10878,"comment_status":"closed","ping_status":"closed","sticky":false,"template":"","format":"standard","meta":{"footnotes":""},"categories":[4],"tags":[],"class_list":["post-10876","post","type-post","status-publish","format-standard","has-post-thumbnail","hentry","category-noticias"],"_links":{"self":[{"href":"https:\/\/www.nanchital.gob.mx\/wp-nanchital\/wp-json\/wp\/v2\/posts\/10876","targetHints":{"allow":["GET"]}}],"collection":[{"href":"https:\/\/www.nanchital.gob.mx\/wp-nanchital\/wp-json\/wp\/v2\/posts"}],"about":[{"href":"https:\/\/www.nanchital.gob.mx\/wp-nanchital\/wp-json\/wp\/v2\/types\/post"}],"author":[{"embeddable":true,"href":"https:\/\/www.nanchital.gob.mx\/wp-nanchital\/wp-json\/wp\/v2\/users\/7"}],"replies":[{"embeddable":true,"href":"https:\/\/www.nanchital.gob.mx\/wp-nanchital\/wp-json\/wp\/v2\/comments?post=10876"}],"version-history":[{"count":1,"href":"https:\/\/www.nanchital.gob.mx\/wp-nanchital\/wp-json\/wp\/v2\/posts\/10876\/revisions"}],"predecessor-version":[{"id":10879,"href":"https:\/\/www.nanchital.gob.mx\/wp-nanchital\/wp-json\/wp\/v2\/posts\/10876\/revisions\/10879"}],"wp:featuredmedia":[{"embeddable":true,"href":"https:\/\/www.nanchital.gob.mx\/wp-nanchital\/wp-json\/wp\/v2\/media\/10878"}],"wp:attachment":[{"href":"https:\/\/www.nanchital.gob.mx\/wp-nanchital\/wp-json\/wp\/v2\/media?parent=10876"}],"wp:term":[{"taxonomy":"category","embeddable":true,"href":"https:\/\/www.nanchital.gob.mx\/wp-nanchital\/wp-json\/wp\/v2\/categories?post=10876"},{"taxonomy":"post_tag","embeddable":true,"href":"https:\/\/www.nanchital.gob.mx\/wp-nanchital\/wp-json\/wp\/v2\/tags?post=10876"}],"curies":[{"name":"wp","href":"https:\/\/api.w.org\/{rel}","templated":true}]}}