{"id":10856,"date":"2020-04-28T15:59:39","date_gmt":"2020-04-28T21:59:39","guid":{"rendered":"http:\/\/www.nanchital.gob.mx\/?p=10856"},"modified":"2020-04-28T15:59:39","modified_gmt":"2020-04-28T21:59:39","slug":"se-inician-los-operativos-en-bares-y-cantinas","status":"publish","type":"post","link":"https:\/\/www.nanchital.gob.mx\/wp-nanchital\/se-inician-los-operativos-en-bares-y-cantinas\/","title":{"rendered":"Se inician los operativos en bares y cantinas"},"content":{"rendered":"<p>Con el objetivo de verificar que los bares y cantinas del municipio cumplan con la notificaci\u00f3n realizada del cierre de sus instalaciones como medida preventiva antes el Coronavirus Covid-19, el Gobierno de Nanchital que preside la Dra. Zoila Balderas Guzm\u00e1n, ha iniciado los operativos de revisi\u00f3n en estos lugares, los cuales ser\u00e1n clausurados y los consumidores que se encuentren en su interior multados por el consumo de bebidas alcoh\u00f3licas en tiempos de contingencia. En estos operativos trabajar\u00e1n de manera conjunta Polic\u00eda Estatal, Protecci\u00f3n Civil. Polic\u00eda Municipal y Comercio.<\/p>\n<p><img decoding=\"async\" class=\"img\" src=\"https:\/\/scontent-dfw5-2.xx.fbcdn.net\/v\/t1.15752-9\/95088123_306965820285573_6396360752298459136_n.jpg?_nc_cat=102&amp;_nc_sid=b96e70&amp;_nc_eui2=AeFMFyk3VcDj1DNAPERFSBIscAD0LCN9JFhwAPQsI30kWIQgHOxui8gxhGubnNSlfMct7EZu-NJX7J_XQE7jNUcJ&amp;_nc_oc=AQlPZMt41P3f8gZ_SxI3No-dSKBY9IeKrrlzqfeA-5OWP1-NphHt4RB49Jpy54nW3R4&amp;_nc_ht=scontent-dfw5-2.xx&amp;oh=156a0ce306e1718a4fdfe7c547c8380a&amp;oe=5ECC9863\" alt=\"\" \/><\/p>\n<p><img decoding=\"async\" class=\"img\" src=\"https:\/\/scontent-dfw5-1.xx.fbcdn.net\/v\/t1.15752-9\/95410048_251753922635857_5728888706689925120_n.jpg?_nc_cat=111&amp;_nc_sid=b96e70&amp;_nc_eui2=AeE7ehtQwkhWNQtBDN3K6nlwIXokiEU6-4IheiSIRTr7gvUsR--Q-81Rz_Qn1LZtnOPonvs9ktknS2foOOo5l4Yt&amp;_nc_oc=AQmfmLzf-Jrwgfu4gdRTjw07xNfLKihUfDgsRgfMqC-iYmXwmr_b0Sovp7kv1GtrWP4&amp;_nc_ht=scontent-dfw5-1.xx&amp;oh=bb6c69db3a8671c3c9bcaaedbdb2844b&amp;oe=5ED0085A\" alt=\"\" \/><\/p>\n","protected":false},"excerpt":{"rendered":"<p>Con el objetivo de verificar que los bares y cantinas del municipio cumplan con la notificaci\u00f3n realizada del cierre de sus instalaciones como medida preventiva antes el Coronavirus Covid-19, el Gobierno de Nanchital que preside la Dra. Zoila Balderas Guzm\u00e1n, ha iniciado los operativos de revisi\u00f3n en estos lugares, los cuales ser\u00e1n clausurados y los&hellip; <br \/> <a class=\"read-more\" href=\"https:\/\/www.nanchital.gob.mx\/wp-nanchital\/se-inician-los-operativos-en-bares-y-cantinas\/\">Leer m\u00e1s<\/a><\/p>\n","protected":false},"author":7,"featured_media":10858,"comment_status":"closed","ping_status":"closed","sticky":false,"template":"","format":"standard","meta":{"footnotes":""},"categories":[4],"tags":[],"class_list":["post-10856","post","type-post","status-publish","format-standard","has-post-thumbnail","hentry","category-noticias"],"_links":{"self":[{"href":"https:\/\/www.nanchital.gob.mx\/wp-nanchital\/wp-json\/wp\/v2\/posts\/10856","targetHints":{"allow":["GET"]}}],"collection":[{"href":"https:\/\/www.nanchital.gob.mx\/wp-nanchital\/wp-json\/wp\/v2\/posts"}],"about":[{"href":"https:\/\/www.nanchital.gob.mx\/wp-nanchital\/wp-json\/wp\/v2\/types\/post"}],"author":[{"embeddable":true,"href":"https:\/\/www.nanchital.gob.mx\/wp-nanchital\/wp-json\/wp\/v2\/users\/7"}],"replies":[{"embeddable":true,"href":"https:\/\/www.nanchital.gob.mx\/wp-nanchital\/wp-json\/wp\/v2\/comments?post=10856"}],"version-history":[{"count":1,"href":"https:\/\/www.nanchital.gob.mx\/wp-nanchital\/wp-json\/wp\/v2\/posts\/10856\/revisions"}],"predecessor-version":[{"id":10859,"href":"https:\/\/www.nanchital.gob.mx\/wp-nanchital\/wp-json\/wp\/v2\/posts\/10856\/revisions\/10859"}],"wp:featuredmedia":[{"embeddable":true,"href":"https:\/\/www.nanchital.gob.mx\/wp-nanchital\/wp-json\/wp\/v2\/media\/10858"}],"wp:attachment":[{"href":"https:\/\/www.nanchital.gob.mx\/wp-nanchital\/wp-json\/wp\/v2\/media?parent=10856"}],"wp:term":[{"taxonomy":"category","embeddable":true,"href":"https:\/\/www.nanchital.gob.mx\/wp-nanchital\/wp-json\/wp\/v2\/categories?post=10856"},{"taxonomy":"post_tag","embeddable":true,"href":"https:\/\/www.nanchital.gob.mx\/wp-nanchital\/wp-json\/wp\/v2\/tags?post=10856"}],"curies":[{"name":"wp","href":"https:\/\/api.w.org\/{rel}","templated":true}]}}