{"id":10812,"date":"2020-04-23T10:36:43","date_gmt":"2020-04-23T16:36:43","guid":{"rendered":"http:\/\/www.nanchital.gob.mx\/?p=10812"},"modified":"2020-04-23T10:36:43","modified_gmt":"2020-04-23T16:36:43","slug":"se-establecen-medidas-preventivas-para-el-acceso-al-mercado-antonio-j-bermudez","status":"publish","type":"post","link":"https:\/\/www.nanchital.gob.mx\/wp-nanchital\/se-establecen-medidas-preventivas-para-el-acceso-al-mercado-antonio-j-bermudez\/","title":{"rendered":"Se establecen medidas preventivas para el acceso al mercado Antonio J. Berm\u00fadez"},"content":{"rendered":"<p>Como medida preventiva para evitar la proliferaci\u00f3n del Coronavirus Covid-19, el Gobierno Municipal que preside la Dra. Zoila Balderas Guzm\u00e1n ha modificado los accesos al mercado Antonio J. Berm\u00fadez, de tal manera que el de la Calle Balderas y el de L\u00e1zaro C\u00e1rdenas casi esquina Balderas estar\u00e1n cerrados, mientras que el principal de la calle L\u00e1zaro C\u00e1rdenas ser\u00e1 el de entrada y el de la Ju\u00e1rez ser\u00e1 la salida. As\u00ed mismo se hace la recomendaci\u00f3n que s\u00f3lo asista 1 persona por familia para hacer las compras para evitar aglomeraciones adem\u00e1s que usen cubrebocas. Los horarios de atenci\u00f3n ser\u00e1n de Lunes a S\u00e1bado de 6 de la ma\u00f1ana a 3 de la tarde y los Domingos de 6 de la ma\u00f1ana a 2 de la tarde.<\/p>\n<p><img decoding=\"async\" class=\"img\" src=\"https:\/\/scontent-qro1-1.xx.fbcdn.net\/v\/t1.15752-9\/s2048x2048\/93903978_556003881997495_8170148972434817024_n.jpg?_nc_cat=106&amp;_nc_sid=b96e70&amp;_nc_eui2=AeHcCb-w16bSdoo3mhxzvj4PCJvxymXYQ_EIm_HKZdhD8RBAOfFGka-rBNLXwKWudXGLZe3E5a2ffd0idT_R5vbO&amp;_nc_oc=AQkWfnycdoQsFhKqfcbDE-k9XpGRvGF5gGUZpJvIXV8m4SHBtjMGYHsjAHNaB0cmEb4&amp;_nc_ht=scontent-qro1-1.xx&amp;_nc_tp=7&amp;oh=27af5cd9e11943ade8cece8728234dd9&amp;oe=5EC68801\" alt=\"\" \/><\/p>\n","protected":false},"excerpt":{"rendered":"<p>Como medida preventiva para evitar la proliferaci\u00f3n del Coronavirus Covid-19, el Gobierno Municipal que preside la Dra. Zoila Balderas Guzm\u00e1n ha modificado los accesos al mercado Antonio J. Berm\u00fadez, de tal manera que el de la Calle Balderas y el de L\u00e1zaro C\u00e1rdenas casi esquina Balderas estar\u00e1n cerrados, mientras que el principal de la calle&hellip; <br \/> <a class=\"read-more\" href=\"https:\/\/www.nanchital.gob.mx\/wp-nanchital\/se-establecen-medidas-preventivas-para-el-acceso-al-mercado-antonio-j-bermudez\/\">Leer m\u00e1s<\/a><\/p>\n","protected":false},"author":7,"featured_media":10814,"comment_status":"closed","ping_status":"closed","sticky":false,"template":"","format":"standard","meta":{"footnotes":""},"categories":[4],"tags":[],"class_list":["post-10812","post","type-post","status-publish","format-standard","has-post-thumbnail","hentry","category-noticias"],"_links":{"self":[{"href":"https:\/\/www.nanchital.gob.mx\/wp-nanchital\/wp-json\/wp\/v2\/posts\/10812","targetHints":{"allow":["GET"]}}],"collection":[{"href":"https:\/\/www.nanchital.gob.mx\/wp-nanchital\/wp-json\/wp\/v2\/posts"}],"about":[{"href":"https:\/\/www.nanchital.gob.mx\/wp-nanchital\/wp-json\/wp\/v2\/types\/post"}],"author":[{"embeddable":true,"href":"https:\/\/www.nanchital.gob.mx\/wp-nanchital\/wp-json\/wp\/v2\/users\/7"}],"replies":[{"embeddable":true,"href":"https:\/\/www.nanchital.gob.mx\/wp-nanchital\/wp-json\/wp\/v2\/comments?post=10812"}],"version-history":[{"count":1,"href":"https:\/\/www.nanchital.gob.mx\/wp-nanchital\/wp-json\/wp\/v2\/posts\/10812\/revisions"}],"predecessor-version":[{"id":10815,"href":"https:\/\/www.nanchital.gob.mx\/wp-nanchital\/wp-json\/wp\/v2\/posts\/10812\/revisions\/10815"}],"wp:featuredmedia":[{"embeddable":true,"href":"https:\/\/www.nanchital.gob.mx\/wp-nanchital\/wp-json\/wp\/v2\/media\/10814"}],"wp:attachment":[{"href":"https:\/\/www.nanchital.gob.mx\/wp-nanchital\/wp-json\/wp\/v2\/media?parent=10812"}],"wp:term":[{"taxonomy":"category","embeddable":true,"href":"https:\/\/www.nanchital.gob.mx\/wp-nanchital\/wp-json\/wp\/v2\/categories?post=10812"},{"taxonomy":"post_tag","embeddable":true,"href":"https:\/\/www.nanchital.gob.mx\/wp-nanchital\/wp-json\/wp\/v2\/tags?post=10812"}],"curies":[{"name":"wp","href":"https:\/\/api.w.org\/{rel}","templated":true}]}}