{"id":10808,"date":"2020-04-23T10:34:11","date_gmt":"2020-04-23T16:34:11","guid":{"rendered":"http:\/\/www.nanchital.gob.mx\/?p=10808"},"modified":"2020-04-23T10:34:11","modified_gmt":"2020-04-23T16:34:11","slug":"se-celebra-el-dia-del-policia-veracruzano","status":"publish","type":"post","link":"https:\/\/www.nanchital.gob.mx\/wp-nanchital\/se-celebra-el-dia-del-policia-veracruzano\/","title":{"rendered":"Se celebra el D\u00eda del Polic\u00eda Veracruzano"},"content":{"rendered":"<p>De manera simb\u00f3lica el Gobierno de Nanchital que encabeza la Dra. Zoila Balderas Guzm\u00e1n, entreg\u00f3 a los elementos de la Polic\u00eda Municipal, apoyos alimentarios con motivo de la celebraci\u00f3n del D\u00eda del Polic\u00eda Veracruzano, siendo el Secretario del Ayuntamiento, Rey Gaspar Espinoza Ramos, quien a nombre de la alcaldesa entreg\u00f3 las despensas.<\/p>\n","protected":false},"excerpt":{"rendered":"<p>De manera simb\u00f3lica el Gobierno de Nanchital que encabeza la Dra. Zoila Balderas Guzm\u00e1n, entreg\u00f3 a los elementos de la Polic\u00eda Municipal, apoyos alimentarios con motivo de la celebraci\u00f3n del D\u00eda del Polic\u00eda Veracruzano, siendo el Secretario del Ayuntamiento, Rey Gaspar Espinoza Ramos, quien a nombre de la alcaldesa entreg\u00f3 las despensas.<\/p>\n","protected":false},"author":7,"featured_media":10810,"comment_status":"closed","ping_status":"closed","sticky":false,"template":"","format":"standard","meta":{"footnotes":""},"categories":[4],"tags":[],"class_list":["post-10808","post","type-post","status-publish","format-standard","has-post-thumbnail","hentry","category-noticias"],"_links":{"self":[{"href":"https:\/\/www.nanchital.gob.mx\/wp-nanchital\/wp-json\/wp\/v2\/posts\/10808","targetHints":{"allow":["GET"]}}],"collection":[{"href":"https:\/\/www.nanchital.gob.mx\/wp-nanchital\/wp-json\/wp\/v2\/posts"}],"about":[{"href":"https:\/\/www.nanchital.gob.mx\/wp-nanchital\/wp-json\/wp\/v2\/types\/post"}],"author":[{"embeddable":true,"href":"https:\/\/www.nanchital.gob.mx\/wp-nanchital\/wp-json\/wp\/v2\/users\/7"}],"replies":[{"embeddable":true,"href":"https:\/\/www.nanchital.gob.mx\/wp-nanchital\/wp-json\/wp\/v2\/comments?post=10808"}],"version-history":[{"count":1,"href":"https:\/\/www.nanchital.gob.mx\/wp-nanchital\/wp-json\/wp\/v2\/posts\/10808\/revisions"}],"predecessor-version":[{"id":10811,"href":"https:\/\/www.nanchital.gob.mx\/wp-nanchital\/wp-json\/wp\/v2\/posts\/10808\/revisions\/10811"}],"wp:featuredmedia":[{"embeddable":true,"href":"https:\/\/www.nanchital.gob.mx\/wp-nanchital\/wp-json\/wp\/v2\/media\/10810"}],"wp:attachment":[{"href":"https:\/\/www.nanchital.gob.mx\/wp-nanchital\/wp-json\/wp\/v2\/media?parent=10808"}],"wp:term":[{"taxonomy":"category","embeddable":true,"href":"https:\/\/www.nanchital.gob.mx\/wp-nanchital\/wp-json\/wp\/v2\/categories?post=10808"},{"taxonomy":"post_tag","embeddable":true,"href":"https:\/\/www.nanchital.gob.mx\/wp-nanchital\/wp-json\/wp\/v2\/tags?post=10808"}],"curies":[{"name":"wp","href":"https:\/\/api.w.org\/{rel}","templated":true}]}}