{"id":10793,"date":"2020-04-22T13:57:11","date_gmt":"2020-04-22T19:57:11","guid":{"rendered":"http:\/\/www.nanchital.gob.mx\/?p=10793"},"modified":"2020-04-22T13:57:11","modified_gmt":"2020-04-22T19:57:11","slug":"se-adoquina-parte-del-camellon-del-bulevar-san-pedro-y-san-pablo","status":"publish","type":"post","link":"https:\/\/www.nanchital.gob.mx\/wp-nanchital\/se-adoquina-parte-del-camellon-del-bulevar-san-pedro-y-san-pablo\/","title":{"rendered":"Se adoquina parte del camell\u00f3n del Bulevar San Pedro y San Pablo"},"content":{"rendered":"<p>Continuando con las mejoras en las vialidades, el Gobierno Municipal que preside la Dra. Zoila Balderas Guzm\u00e1n a trav\u00e9s de la Direcci\u00f3n de Vialidad, llevo a cabo la colocaci\u00f3n de adoqu\u00edn en el camell\u00f3n pr\u00f3ximo al retorno frente a una tienda de conveniencia ubicada en el Bulevar San Pedro y San Pablo.<\/p>\n","protected":false},"excerpt":{"rendered":"<p>Continuando con las mejoras en las vialidades, el Gobierno Municipal que preside la Dra. Zoila Balderas Guzm\u00e1n a trav\u00e9s de la Direcci\u00f3n de Vialidad, llevo a cabo la colocaci\u00f3n de adoqu\u00edn en el camell\u00f3n pr\u00f3ximo al retorno frente a una tienda de conveniencia ubicada en el Bulevar San Pedro y San Pablo.<\/p>\n","protected":false},"author":7,"featured_media":10795,"comment_status":"closed","ping_status":"closed","sticky":false,"template":"","format":"standard","meta":{"footnotes":""},"categories":[4],"tags":[],"class_list":["post-10793","post","type-post","status-publish","format-standard","has-post-thumbnail","hentry","category-noticias"],"_links":{"self":[{"href":"https:\/\/www.nanchital.gob.mx\/wp-nanchital\/wp-json\/wp\/v2\/posts\/10793","targetHints":{"allow":["GET"]}}],"collection":[{"href":"https:\/\/www.nanchital.gob.mx\/wp-nanchital\/wp-json\/wp\/v2\/posts"}],"about":[{"href":"https:\/\/www.nanchital.gob.mx\/wp-nanchital\/wp-json\/wp\/v2\/types\/post"}],"author":[{"embeddable":true,"href":"https:\/\/www.nanchital.gob.mx\/wp-nanchital\/wp-json\/wp\/v2\/users\/7"}],"replies":[{"embeddable":true,"href":"https:\/\/www.nanchital.gob.mx\/wp-nanchital\/wp-json\/wp\/v2\/comments?post=10793"}],"version-history":[{"count":1,"href":"https:\/\/www.nanchital.gob.mx\/wp-nanchital\/wp-json\/wp\/v2\/posts\/10793\/revisions"}],"predecessor-version":[{"id":10796,"href":"https:\/\/www.nanchital.gob.mx\/wp-nanchital\/wp-json\/wp\/v2\/posts\/10793\/revisions\/10796"}],"wp:featuredmedia":[{"embeddable":true,"href":"https:\/\/www.nanchital.gob.mx\/wp-nanchital\/wp-json\/wp\/v2\/media\/10795"}],"wp:attachment":[{"href":"https:\/\/www.nanchital.gob.mx\/wp-nanchital\/wp-json\/wp\/v2\/media?parent=10793"}],"wp:term":[{"taxonomy":"category","embeddable":true,"href":"https:\/\/www.nanchital.gob.mx\/wp-nanchital\/wp-json\/wp\/v2\/categories?post=10793"},{"taxonomy":"post_tag","embeddable":true,"href":"https:\/\/www.nanchital.gob.mx\/wp-nanchital\/wp-json\/wp\/v2\/tags?post=10793"}],"curies":[{"name":"wp","href":"https:\/\/api.w.org\/{rel}","templated":true}]}}