{"id":10757,"date":"2020-04-20T02:04:25","date_gmt":"2020-04-20T08:04:25","guid":{"rendered":"http:\/\/www.nanchital.gob.mx\/?p=10757"},"modified":"2020-04-20T02:04:25","modified_gmt":"2020-04-20T08:04:25","slug":"se-desazolva-en-el-mercado-francisco-balderas","status":"publish","type":"post","link":"https:\/\/www.nanchital.gob.mx\/wp-nanchital\/se-desazolva-en-el-mercado-francisco-balderas\/","title":{"rendered":"Se desazolva en el mercado Francisco Balderas"},"content":{"rendered":"<p>En trabajo coordinado entre la Regidur\u00eda Segunda y Sindicatura, el Gobierno Municipal que preside la Dra. Zoila Balderas Guzm\u00e1n, llev\u00f3 a cabo el desazolve al interior del mercado Francisco Balderas, con la participaci\u00f3n del personal de drenajes y comercio.<\/p>\n<p><img decoding=\"async\" class=\"img\" src=\"https:\/\/scontent.fmex4-2.fna.fbcdn.net\/v\/t1.15752-9\/p1080x2048\/94144087_2917530271616610_7637399601246371840_n.jpg?_nc_cat=105&amp;_nc_sid=b96e70&amp;_nc_oc=AQmm2e0du-bmuliRrgDTh49hCxvBgsjPvCZQQAJUJ4lEGQMnCfusUAqVMpBDqor7rvc&amp;_nc_ht=scontent.fmex4-2.fna&amp;_nc_tp=6&amp;oh=0e1c4c832b6fb0e2819f70a3311bfa94&amp;oe=5EC1460C\" alt=\"\" \/><\/p>\n","protected":false},"excerpt":{"rendered":"<p>En trabajo coordinado entre la Regidur\u00eda Segunda y Sindicatura, el Gobierno Municipal que preside la Dra. Zoila Balderas Guzm\u00e1n, llev\u00f3 a cabo el desazolve al interior del mercado Francisco Balderas, con la participaci\u00f3n del personal de drenajes y comercio.<\/p>\n","protected":false},"author":7,"featured_media":10759,"comment_status":"closed","ping_status":"closed","sticky":false,"template":"","format":"standard","meta":{"footnotes":""},"categories":[4],"tags":[],"class_list":["post-10757","post","type-post","status-publish","format-standard","has-post-thumbnail","hentry","category-noticias"],"_links":{"self":[{"href":"https:\/\/www.nanchital.gob.mx\/wp-nanchital\/wp-json\/wp\/v2\/posts\/10757","targetHints":{"allow":["GET"]}}],"collection":[{"href":"https:\/\/www.nanchital.gob.mx\/wp-nanchital\/wp-json\/wp\/v2\/posts"}],"about":[{"href":"https:\/\/www.nanchital.gob.mx\/wp-nanchital\/wp-json\/wp\/v2\/types\/post"}],"author":[{"embeddable":true,"href":"https:\/\/www.nanchital.gob.mx\/wp-nanchital\/wp-json\/wp\/v2\/users\/7"}],"replies":[{"embeddable":true,"href":"https:\/\/www.nanchital.gob.mx\/wp-nanchital\/wp-json\/wp\/v2\/comments?post=10757"}],"version-history":[{"count":1,"href":"https:\/\/www.nanchital.gob.mx\/wp-nanchital\/wp-json\/wp\/v2\/posts\/10757\/revisions"}],"predecessor-version":[{"id":10760,"href":"https:\/\/www.nanchital.gob.mx\/wp-nanchital\/wp-json\/wp\/v2\/posts\/10757\/revisions\/10760"}],"wp:featuredmedia":[{"embeddable":true,"href":"https:\/\/www.nanchital.gob.mx\/wp-nanchital\/wp-json\/wp\/v2\/media\/10759"}],"wp:attachment":[{"href":"https:\/\/www.nanchital.gob.mx\/wp-nanchital\/wp-json\/wp\/v2\/media?parent=10757"}],"wp:term":[{"taxonomy":"category","embeddable":true,"href":"https:\/\/www.nanchital.gob.mx\/wp-nanchital\/wp-json\/wp\/v2\/categories?post=10757"},{"taxonomy":"post_tag","embeddable":true,"href":"https:\/\/www.nanchital.gob.mx\/wp-nanchital\/wp-json\/wp\/v2\/tags?post=10757"}],"curies":[{"name":"wp","href":"https:\/\/api.w.org\/{rel}","templated":true}]}}