{"id":10749,"date":"2020-04-20T02:01:21","date_gmt":"2020-04-20T08:01:21","guid":{"rendered":"http:\/\/www.nanchital.gob.mx\/?p=10749"},"modified":"2020-04-20T02:01:21","modified_gmt":"2020-04-20T08:01:21","slug":"se-delimitan-espacios-para-discapacitados","status":"publish","type":"post","link":"https:\/\/www.nanchital.gob.mx\/wp-nanchital\/se-delimitan-espacios-para-discapacitados\/","title":{"rendered":"Se delimitan espacios para discapacitados"},"content":{"rendered":"<p>El Gobierno Municipal que preside la Dra. Zoila Balderas Guzm\u00e1n, realiz\u00f3 a trav\u00e9s de la Direcci\u00f3n de Vialidad, la delimitaci\u00f3n de espacios y rampas para discapacitados, en diversos puntos de la zona centro y las colonias de la ciudad<\/p>\n<p><img decoding=\"async\" class=\"img\" src=\"https:\/\/scontent.fmex4-2.fna.fbcdn.net\/v\/t1.15752-9\/93412121_923050154824452_8467404298941104128_n.jpg?_nc_cat=100&amp;_nc_sid=b96e70&amp;_nc_oc=AQmwlqs-rpBaW8-Ms1ys-Jrxi58lgLesTVB1D8DJHcFHs-xfvyW1UZjZxeP10W7QgJ0&amp;_nc_ht=scontent.fmex4-2.fna&amp;oh=4b6500192c1af683ae61c1efc60dfa07&amp;oe=5EC3C5EE\" alt=\"\" \/><\/p>\n","protected":false},"excerpt":{"rendered":"<p>El Gobierno Municipal que preside la Dra. Zoila Balderas Guzm\u00e1n, realiz\u00f3 a trav\u00e9s de la Direcci\u00f3n de Vialidad, la delimitaci\u00f3n de espacios y rampas para discapacitados, en diversos puntos de la zona centro y las colonias de la ciudad<\/p>\n","protected":false},"author":7,"featured_media":10751,"comment_status":"closed","ping_status":"closed","sticky":false,"template":"","format":"standard","meta":{"footnotes":""},"categories":[4],"tags":[],"class_list":["post-10749","post","type-post","status-publish","format-standard","has-post-thumbnail","hentry","category-noticias"],"_links":{"self":[{"href":"https:\/\/www.nanchital.gob.mx\/wp-nanchital\/wp-json\/wp\/v2\/posts\/10749","targetHints":{"allow":["GET"]}}],"collection":[{"href":"https:\/\/www.nanchital.gob.mx\/wp-nanchital\/wp-json\/wp\/v2\/posts"}],"about":[{"href":"https:\/\/www.nanchital.gob.mx\/wp-nanchital\/wp-json\/wp\/v2\/types\/post"}],"author":[{"embeddable":true,"href":"https:\/\/www.nanchital.gob.mx\/wp-nanchital\/wp-json\/wp\/v2\/users\/7"}],"replies":[{"embeddable":true,"href":"https:\/\/www.nanchital.gob.mx\/wp-nanchital\/wp-json\/wp\/v2\/comments?post=10749"}],"version-history":[{"count":1,"href":"https:\/\/www.nanchital.gob.mx\/wp-nanchital\/wp-json\/wp\/v2\/posts\/10749\/revisions"}],"predecessor-version":[{"id":10752,"href":"https:\/\/www.nanchital.gob.mx\/wp-nanchital\/wp-json\/wp\/v2\/posts\/10749\/revisions\/10752"}],"wp:featuredmedia":[{"embeddable":true,"href":"https:\/\/www.nanchital.gob.mx\/wp-nanchital\/wp-json\/wp\/v2\/media\/10751"}],"wp:attachment":[{"href":"https:\/\/www.nanchital.gob.mx\/wp-nanchital\/wp-json\/wp\/v2\/media?parent=10749"}],"wp:term":[{"taxonomy":"category","embeddable":true,"href":"https:\/\/www.nanchital.gob.mx\/wp-nanchital\/wp-json\/wp\/v2\/categories?post=10749"},{"taxonomy":"post_tag","embeddable":true,"href":"https:\/\/www.nanchital.gob.mx\/wp-nanchital\/wp-json\/wp\/v2\/tags?post=10749"}],"curies":[{"name":"wp","href":"https:\/\/api.w.org\/{rel}","templated":true}]}}