{"id":10683,"date":"2020-04-14T10:54:16","date_gmt":"2020-04-14T16:54:16","guid":{"rendered":"http:\/\/www.nanchital.gob.mx\/?p=10683"},"modified":"2020-04-14T10:54:16","modified_gmt":"2020-04-14T16:54:16","slug":"se-instala-carpa-de-sanitizacion-en-el-mercado-antonio-j-bermudez","status":"publish","type":"post","link":"https:\/\/www.nanchital.gob.mx\/wp-nanchital\/se-instala-carpa-de-sanitizacion-en-el-mercado-antonio-j-bermudez\/","title":{"rendered":"Se instala carpa de sanitizaci\u00f3n en el mercado Antonio J. Berm\u00fadez"},"content":{"rendered":"<p>Para continuar con las medidas preventivas para evitar la propagaci\u00f3n del Coronavirus Covid-19, el Gobierno Municipal que preside la Dra. Zoila Balderas Guzm\u00e1n, en coordinaci\u00f3n con el Sistema DIF Municipal que encabeza el Dr. Oscar Miguel Pi\u00f1a Balderas, realiz\u00f3 la instalaci\u00f3n de una carpa de sanitizaci\u00f3n en el mercado Antonio J. Berm\u00fadez. Durante esta actividad se brind\u00f3 a todas las personas que pasaron al m\u00f3dulo, un par de guantes, cubrebocas y aplicaci\u00f3n de gel antibacterial, as\u00ed mismo se entreg\u00f3 a los locatarios del mercado los mismos insumos adem\u00e1s de un bote de gel para que los clientes tambi\u00e9n pueden desinfectar sus manos. \u201cVamos a continuar con la sanitizaci\u00f3n de calles en las colonias, hoy aplicamos producto al interior del mercado y ma\u00f1ana estaremos en el mercado Francisco Balderas realizando la misma actividad, es preocupaci\u00f3n de este Gobierno Municipal y del Sistema DIF seguir realizando estas acciones para evitar que esta terrible enfermedad nos afecte\u201d afirm\u00f3 el Dr. Oscar Miguel Pi\u00f1a Balderas, Presidente del Sistema DIF Municipal. Adem\u00e1s personal de apoyo estuvo repartiendo gel antibacterial en puntos como Banamex, Dipepsa y Super Che.<\/p>\n<p><img decoding=\"async\" class=\"img\" src=\"https:\/\/scontent-qro1-1.xx.fbcdn.net\/v\/t1.15752-9\/s2048x2048\/93403990_514313035879296_1834062360944312320_n.jpg?_nc_cat=101&amp;_nc_sid=b96e70&amp;_nc_oc=AQnEMyicbis4zcE2KUpDWXLG0UAc9wJNg_B28gNTDijQcDMWOJ_Mqxw7YzDoVt3Xr1g&amp;_nc_ht=scontent-qro1-1.xx&amp;_nc_tp=7&amp;oh=c0cb975bf581a8cd219eceec907b6145&amp;oe=5EBCE09A\" alt=\"\" \/><\/p>\n","protected":false},"excerpt":{"rendered":"<p>Para continuar con las medidas preventivas para evitar la propagaci\u00f3n del Coronavirus Covid-19, el Gobierno Municipal que preside la Dra. Zoila Balderas Guzm\u00e1n, en coordinaci\u00f3n con el Sistema DIF Municipal que encabeza el Dr. Oscar Miguel Pi\u00f1a Balderas, realiz\u00f3 la instalaci\u00f3n de una carpa de sanitizaci\u00f3n en el mercado Antonio J. Berm\u00fadez. Durante esta actividad&hellip; <br \/> <a class=\"read-more\" href=\"https:\/\/www.nanchital.gob.mx\/wp-nanchital\/se-instala-carpa-de-sanitizacion-en-el-mercado-antonio-j-bermudez\/\">Leer m\u00e1s<\/a><\/p>\n","protected":false},"author":7,"featured_media":10685,"comment_status":"closed","ping_status":"closed","sticky":false,"template":"","format":"standard","meta":{"footnotes":""},"categories":[4],"tags":[],"class_list":["post-10683","post","type-post","status-publish","format-standard","has-post-thumbnail","hentry","category-noticias"],"_links":{"self":[{"href":"https:\/\/www.nanchital.gob.mx\/wp-nanchital\/wp-json\/wp\/v2\/posts\/10683","targetHints":{"allow":["GET"]}}],"collection":[{"href":"https:\/\/www.nanchital.gob.mx\/wp-nanchital\/wp-json\/wp\/v2\/posts"}],"about":[{"href":"https:\/\/www.nanchital.gob.mx\/wp-nanchital\/wp-json\/wp\/v2\/types\/post"}],"author":[{"embeddable":true,"href":"https:\/\/www.nanchital.gob.mx\/wp-nanchital\/wp-json\/wp\/v2\/users\/7"}],"replies":[{"embeddable":true,"href":"https:\/\/www.nanchital.gob.mx\/wp-nanchital\/wp-json\/wp\/v2\/comments?post=10683"}],"version-history":[{"count":1,"href":"https:\/\/www.nanchital.gob.mx\/wp-nanchital\/wp-json\/wp\/v2\/posts\/10683\/revisions"}],"predecessor-version":[{"id":10686,"href":"https:\/\/www.nanchital.gob.mx\/wp-nanchital\/wp-json\/wp\/v2\/posts\/10683\/revisions\/10686"}],"wp:featuredmedia":[{"embeddable":true,"href":"https:\/\/www.nanchital.gob.mx\/wp-nanchital\/wp-json\/wp\/v2\/media\/10685"}],"wp:attachment":[{"href":"https:\/\/www.nanchital.gob.mx\/wp-nanchital\/wp-json\/wp\/v2\/media?parent=10683"}],"wp:term":[{"taxonomy":"category","embeddable":true,"href":"https:\/\/www.nanchital.gob.mx\/wp-nanchital\/wp-json\/wp\/v2\/categories?post=10683"},{"taxonomy":"post_tag","embeddable":true,"href":"https:\/\/www.nanchital.gob.mx\/wp-nanchital\/wp-json\/wp\/v2\/tags?post=10683"}],"curies":[{"name":"wp","href":"https:\/\/api.w.org\/{rel}","templated":true}]}}