{"id":10663,"date":"2020-04-09T10:35:11","date_gmt":"2020-04-09T16:35:11","guid":{"rendered":"http:\/\/www.nanchital.gob.mx\/?p=10663"},"modified":"2020-04-09T10:42:38","modified_gmt":"2020-04-09T16:42:38","slug":"realizan-sanitizacion-en-calles-de-nanchital","status":"publish","type":"post","link":"https:\/\/www.nanchital.gob.mx\/wp-nanchital\/realizan-sanitizacion-en-calles-de-nanchital\/","title":{"rendered":"Se realiza sanitizaci\u00f3n en calles de Nanchital"},"content":{"rendered":"<p>El Gobierno Municipal que preside la Dra. Zoila Balderas Guzm\u00e1n, en coordinaci\u00f3n con el Sistema DIF Municipal encabezado por el Dr. Oscar Miguel Pi\u00f1a Balderas, llevo a cabo una labor de sanitizaci\u00f3n de las calles del primer cuadro del centro de la ciudad y de otras zonas aleda\u00f1as, como parte de las acciones para evitar la propagaci\u00f3n del Coronavirus Covid-19. El sanitizante que se utiliz\u00f3 es usado esencialmente en hospitales, cl\u00ednicas, \u00e1reas quir\u00fargicas, transporte urbano, veterinarias, escuelas, bares, cines, teatros, comercios, entre otros y que no es t\u00f3xico para la salud ni al contacto con la piel. Adem\u00e1s de esta actividad se aplic\u00f3 gel antibacterial a los visitantes y transe\u00fantes, por otro parte el Presidente del Sistema DIF Municipal, Dr. Oscar Miguel Pi\u00f1a Balderas visit\u00f3 a los locatarios del Mercado Antonio J. Berm\u00fadez para brindar informaci\u00f3n sobre las acciones emprendidas y hacer la recomendaci\u00f3n del uso de gel antibacterial y los cuidados para evitar la propagaci\u00f3n del virus.<\/p>\n<p><img decoding=\"async\" class=\"img\" src=\"https:\/\/scontent-qro1-1.xx.fbcdn.net\/v\/t1.15752-9\/s2048x2048\/92727767_2689679911255458_8027770982666076160_n.jpg?_nc_cat=109&amp;_nc_sid=b96e70&amp;_nc_oc=AQlDMEfnCoz9qdYl1SdJK6fyuDpwRb6yQMJdRmVMDd5iw6-lXA6DzN9z63V_qSMCm_Q&amp;_nc_ht=scontent-qro1-1.xx&amp;_nc_tp=7&amp;oh=ccca867e375bcf059d78308a2dfaeb1c&amp;oe=5EB3FC0A\" alt=\"\" \/><\/p>\n","protected":false},"excerpt":{"rendered":"<p>El Gobierno Municipal que preside la Dra. Zoila Balderas Guzm\u00e1n, en coordinaci\u00f3n con el Sistema DIF Municipal encabezado por el Dr. Oscar Miguel Pi\u00f1a Balderas, llevo a cabo una labor de sanitizaci\u00f3n de las calles del primer cuadro del centro de la ciudad y de otras zonas aleda\u00f1as, como parte de las acciones para evitar&hellip; <br \/> <a class=\"read-more\" href=\"https:\/\/www.nanchital.gob.mx\/wp-nanchital\/realizan-sanitizacion-en-calles-de-nanchital\/\">Leer m\u00e1s<\/a><\/p>\n","protected":false},"author":7,"featured_media":10665,"comment_status":"closed","ping_status":"closed","sticky":false,"template":"","format":"standard","meta":{"footnotes":""},"categories":[4],"tags":[],"class_list":["post-10663","post","type-post","status-publish","format-standard","has-post-thumbnail","hentry","category-noticias"],"_links":{"self":[{"href":"https:\/\/www.nanchital.gob.mx\/wp-nanchital\/wp-json\/wp\/v2\/posts\/10663","targetHints":{"allow":["GET"]}}],"collection":[{"href":"https:\/\/www.nanchital.gob.mx\/wp-nanchital\/wp-json\/wp\/v2\/posts"}],"about":[{"href":"https:\/\/www.nanchital.gob.mx\/wp-nanchital\/wp-json\/wp\/v2\/types\/post"}],"author":[{"embeddable":true,"href":"https:\/\/www.nanchital.gob.mx\/wp-nanchital\/wp-json\/wp\/v2\/users\/7"}],"replies":[{"embeddable":true,"href":"https:\/\/www.nanchital.gob.mx\/wp-nanchital\/wp-json\/wp\/v2\/comments?post=10663"}],"version-history":[{"count":2,"href":"https:\/\/www.nanchital.gob.mx\/wp-nanchital\/wp-json\/wp\/v2\/posts\/10663\/revisions"}],"predecessor-version":[{"id":10669,"href":"https:\/\/www.nanchital.gob.mx\/wp-nanchital\/wp-json\/wp\/v2\/posts\/10663\/revisions\/10669"}],"wp:featuredmedia":[{"embeddable":true,"href":"https:\/\/www.nanchital.gob.mx\/wp-nanchital\/wp-json\/wp\/v2\/media\/10665"}],"wp:attachment":[{"href":"https:\/\/www.nanchital.gob.mx\/wp-nanchital\/wp-json\/wp\/v2\/media?parent=10663"}],"wp:term":[{"taxonomy":"category","embeddable":true,"href":"https:\/\/www.nanchital.gob.mx\/wp-nanchital\/wp-json\/wp\/v2\/categories?post=10663"},{"taxonomy":"post_tag","embeddable":true,"href":"https:\/\/www.nanchital.gob.mx\/wp-nanchital\/wp-json\/wp\/v2\/tags?post=10663"}],"curies":[{"name":"wp","href":"https:\/\/api.w.org\/{rel}","templated":true}]}}