{"id":10529,"date":"2020-03-24T14:27:34","date_gmt":"2020-03-24T20:27:34","guid":{"rendered":"http:\/\/www.nanchital.gob.mx\/?p=10529"},"modified":"2020-03-24T14:27:34","modified_gmt":"2020-03-24T20:27:34","slug":"se-cerraran-instalaciones-deportivas-en-nanchital","status":"publish","type":"post","link":"https:\/\/www.nanchital.gob.mx\/wp-nanchital\/se-cerraran-instalaciones-deportivas-en-nanchital\/","title":{"rendered":"Se cerrar\u00e1n instalaciones deportivas en Nanchital"},"content":{"rendered":"<p>Como medida preventiva para evitar la propagaci\u00f3n del Coronavirus Covid-19, el Gobierno de Nanchital que preside la Dra. Zoila Balderas Guzm\u00e1n, cerrar\u00e1 a partir del mi\u00e9rcoles 25 de Marzo, las instalaciones deportivas municipales. Al declararse la fase 2 por parte de la Organizaci\u00f3n Mundial de la Salud y por el Gobierno de M\u00e9xico, los ayuntamientos deben tomar medidas para evitar las aglomeraciones de personas en espacios p\u00fablicos, por lo que se cerrar\u00e1n las instalaciones deportivas municipales como el Francisco R. G\u00f3mez, la Unidad de la colonia Guadalupe Tepeyac, el Estadio San Ernesto, el Campo Dos Torres, el Auditorio Municipal, el Campo Centenario y El Polvor\u00edn. \u201cHacemos esto para que podamos reforzar las medidas de prevenci\u00f3n, estamos en la jornada de sana distancia y tenemos que incentivar a que la poblaci\u00f3n permanezca en sus casas, por lo que recomendamos que puedan ejecutar sus rutinas de ejercicio en sus domicilios\u201d afirm\u00f3 Omar Santiago Garc\u00eda, titular de la COMUDE.<\/p>\n","protected":false},"excerpt":{"rendered":"<p>Como medida preventiva para evitar la propagaci\u00f3n del Coronavirus Covid-19, el Gobierno de Nanchital que preside la Dra. Zoila Balderas Guzm\u00e1n, cerrar\u00e1 a partir del mi\u00e9rcoles 25 de Marzo, las instalaciones deportivas municipales. Al declararse la fase 2 por parte de la Organizaci\u00f3n Mundial de la Salud y por el Gobierno de M\u00e9xico, los ayuntamientos&hellip; <br \/> <a class=\"read-more\" href=\"https:\/\/www.nanchital.gob.mx\/wp-nanchital\/se-cerraran-instalaciones-deportivas-en-nanchital\/\">Leer m\u00e1s<\/a><\/p>\n","protected":false},"author":7,"featured_media":10531,"comment_status":"closed","ping_status":"closed","sticky":false,"template":"","format":"standard","meta":{"footnotes":""},"categories":[4],"tags":[],"class_list":["post-10529","post","type-post","status-publish","format-standard","has-post-thumbnail","hentry","category-noticias"],"_links":{"self":[{"href":"https:\/\/www.nanchital.gob.mx\/wp-nanchital\/wp-json\/wp\/v2\/posts\/10529","targetHints":{"allow":["GET"]}}],"collection":[{"href":"https:\/\/www.nanchital.gob.mx\/wp-nanchital\/wp-json\/wp\/v2\/posts"}],"about":[{"href":"https:\/\/www.nanchital.gob.mx\/wp-nanchital\/wp-json\/wp\/v2\/types\/post"}],"author":[{"embeddable":true,"href":"https:\/\/www.nanchital.gob.mx\/wp-nanchital\/wp-json\/wp\/v2\/users\/7"}],"replies":[{"embeddable":true,"href":"https:\/\/www.nanchital.gob.mx\/wp-nanchital\/wp-json\/wp\/v2\/comments?post=10529"}],"version-history":[{"count":1,"href":"https:\/\/www.nanchital.gob.mx\/wp-nanchital\/wp-json\/wp\/v2\/posts\/10529\/revisions"}],"predecessor-version":[{"id":10532,"href":"https:\/\/www.nanchital.gob.mx\/wp-nanchital\/wp-json\/wp\/v2\/posts\/10529\/revisions\/10532"}],"wp:featuredmedia":[{"embeddable":true,"href":"https:\/\/www.nanchital.gob.mx\/wp-nanchital\/wp-json\/wp\/v2\/media\/10531"}],"wp:attachment":[{"href":"https:\/\/www.nanchital.gob.mx\/wp-nanchital\/wp-json\/wp\/v2\/media?parent=10529"}],"wp:term":[{"taxonomy":"category","embeddable":true,"href":"https:\/\/www.nanchital.gob.mx\/wp-nanchital\/wp-json\/wp\/v2\/categories?post=10529"},{"taxonomy":"post_tag","embeddable":true,"href":"https:\/\/www.nanchital.gob.mx\/wp-nanchital\/wp-json\/wp\/v2\/tags?post=10529"}],"curies":[{"name":"wp","href":"https:\/\/api.w.org\/{rel}","templated":true}]}}