{"id":10397,"date":"2020-03-06T13:29:58","date_gmt":"2020-03-06T19:29:58","guid":{"rendered":"http:\/\/www.nanchital.gob.mx\/?p=10397"},"modified":"2020-03-06T13:34:32","modified_gmt":"2020-03-06T19:34:32","slug":"se-conmemorara-dia-de-la-mujer-con-festival-con-el-lema-soy-la-generacion-igualdad-por-los-derechos-de-las-mujeres","status":"publish","type":"post","link":"https:\/\/www.nanchital.gob.mx\/wp-nanchital\/se-conmemorara-dia-de-la-mujer-con-festival-con-el-lema-soy-la-generacion-igualdad-por-los-derechos-de-las-mujeres\/","title":{"rendered":"Se conmemorar\u00e1 D\u00eda de la Mujer con Festival"},"content":{"rendered":"<p>Con el lema \u201cSoy la generaci\u00f3n igualdad: por los derechos de las mujeres\u201del Gobierno Municipal que preside la Dra. Zoila Balderas Guzm\u00e1n, realizar\u00e1 el pr\u00f3ximo domingo 8 de marzo, un Festival a las 5 y media de la tarde en el Parque Benito Ju\u00e1rez Garc\u00eda. En este evento se contar\u00e1 con la participaci\u00f3n de los grupos art\u00edsticos de la Universidad Tecnol\u00f3gica del Sureste de Veracruz y del Colegio de Bachilleres Plantel 34 de esta ciudad, adem\u00e1s de la presentaci\u00f3n de videos informativos sobre los derechos de las mujeres. \u201cEsta conmemoraci\u00f3n tiene el objetivo de informar sobre diversos temas y reconocer el papel de la mujer en el mundo actual, por lo que esperamos a que nos acompa\u00f1en a esta actividad para toda la familia\u201d inform\u00f3 Marcela Garc\u00eda S\u00e1nchez titular del Instituto Municipal de la Mujer. \u00bfQu\u00e9 significa el D\u00eda de la Mujer? El D\u00eda Internacional de la Mujer Trabajadora conmemora la lucha de la mujer por su participaci\u00f3n dentro de la sociedad, en pie de emancipaci\u00f3n de la mujer y en su desarrollo \u00edntegro como persona. Se conmemora el 8 de marzo; fiesta nacional en algunos pa\u00edses.2 Fue institucionalizado por las Naciones Unidas en 1975, con el nombre de D\u00eda Internacional de la Mujer.3 La primera conmemoraci\u00f3n se realiz\u00f3 el 19 de marzo de 1911 en Europa: Alemania, Austria, Dinamarca y Suiza; desde entonces se ha extendido a otros pa\u00edses y continentes. En 1972, la Asamblea General de las Naciones Unidas declar\u00f3 a 1975 A\u00f1o Internacional de la Mujer4 y en 1977 5 invit\u00f3 a los Estados a declarar, conforme a sus tradiciones hist\u00f3ricas y costumbres nacionales, un d\u00eda como D\u00eda Internacional por los Derechos de la Mujer y la Paz Internacional.<\/p>\n<p><img decoding=\"async\" class=\"img\" src=\"https:\/\/scontent.fpbc2-2.fna.fbcdn.net\/v\/t1.15752-9\/p1080x2048\/88257670_506030387016622_8048284970537451520_n.jpg?_nc_cat=108&amp;_nc_sid=b96e70&amp;_nc_eui2=AeEG7KZQEYcIfPZQ6ZZHZn6LMeqXdjk3SfpnyTuSH-zgWKkW3CJI-3evVuVCINkAf6nogj7IpQDmDS3ebsV-36C9QxILo6O51GT2jC44aIz8Ig&amp;_nc_oc=AQlIYAf3g72xS-2IpXfzhogMF9wPt1BYv5yRt1RYJ5Kt-0EzZhDO0mbKlpOeb4eWR1Y&amp;_nc_ht=scontent.fpbc2-2.fna&amp;_nc_tp=6&amp;oh=1d9172dd622f49654634e3162385ed4c&amp;oe=5E8018C6\" alt=\"\" \/><\/p>\n","protected":false},"excerpt":{"rendered":"<p>Con el lema \u201cSoy la generaci\u00f3n igualdad: por los derechos de las mujeres\u201del Gobierno Municipal que preside la Dra. Zoila Balderas Guzm\u00e1n, realizar\u00e1 el pr\u00f3ximo domingo 8 de marzo, un Festival a las 5 y media de la tarde en el Parque Benito Ju\u00e1rez Garc\u00eda. En este evento se contar\u00e1 con la participaci\u00f3n de los&hellip; <br \/> <a class=\"read-more\" href=\"https:\/\/www.nanchital.gob.mx\/wp-nanchital\/se-conmemorara-dia-de-la-mujer-con-festival-con-el-lema-soy-la-generacion-igualdad-por-los-derechos-de-las-mujeres\/\">Leer m\u00e1s<\/a><\/p>\n","protected":false},"author":7,"featured_media":10399,"comment_status":"closed","ping_status":"closed","sticky":false,"template":"","format":"standard","meta":{"footnotes":""},"categories":[4],"tags":[],"class_list":["post-10397","post","type-post","status-publish","format-standard","has-post-thumbnail","hentry","category-noticias"],"_links":{"self":[{"href":"https:\/\/www.nanchital.gob.mx\/wp-nanchital\/wp-json\/wp\/v2\/posts\/10397","targetHints":{"allow":["GET"]}}],"collection":[{"href":"https:\/\/www.nanchital.gob.mx\/wp-nanchital\/wp-json\/wp\/v2\/posts"}],"about":[{"href":"https:\/\/www.nanchital.gob.mx\/wp-nanchital\/wp-json\/wp\/v2\/types\/post"}],"author":[{"embeddable":true,"href":"https:\/\/www.nanchital.gob.mx\/wp-nanchital\/wp-json\/wp\/v2\/users\/7"}],"replies":[{"embeddable":true,"href":"https:\/\/www.nanchital.gob.mx\/wp-nanchital\/wp-json\/wp\/v2\/comments?post=10397"}],"version-history":[{"count":3,"href":"https:\/\/www.nanchital.gob.mx\/wp-nanchital\/wp-json\/wp\/v2\/posts\/10397\/revisions"}],"predecessor-version":[{"id":10402,"href":"https:\/\/www.nanchital.gob.mx\/wp-nanchital\/wp-json\/wp\/v2\/posts\/10397\/revisions\/10402"}],"wp:featuredmedia":[{"embeddable":true,"href":"https:\/\/www.nanchital.gob.mx\/wp-nanchital\/wp-json\/wp\/v2\/media\/10399"}],"wp:attachment":[{"href":"https:\/\/www.nanchital.gob.mx\/wp-nanchital\/wp-json\/wp\/v2\/media?parent=10397"}],"wp:term":[{"taxonomy":"category","embeddable":true,"href":"https:\/\/www.nanchital.gob.mx\/wp-nanchital\/wp-json\/wp\/v2\/categories?post=10397"},{"taxonomy":"post_tag","embeddable":true,"href":"https:\/\/www.nanchital.gob.mx\/wp-nanchital\/wp-json\/wp\/v2\/tags?post=10397"}],"curies":[{"name":"wp","href":"https:\/\/api.w.org\/{rel}","templated":true}]}}