{"id":10355,"date":"2020-03-02T10:37:31","date_gmt":"2020-03-02T16:37:31","guid":{"rendered":"http:\/\/www.nanchital.gob.mx\/?p=10355"},"modified":"2020-03-02T10:37:31","modified_gmt":"2020-03-02T16:37:31","slug":"instituciones-educativas-apoyan-campana-juntemos-esperanza-de-vida","status":"publish","type":"post","link":"https:\/\/www.nanchital.gob.mx\/wp-nanchital\/instituciones-educativas-apoyan-campana-juntemos-esperanza-de-vida\/","title":{"rendered":"Instituciones educativas apoyan campa\u00f1a &#8220;Juntemos esperanza de vida&#8221;"},"content":{"rendered":"<p>La campa\u00f1a para apoyar a ni\u00f1os con c\u00e1ncer &#8220;Juntemos esperanza de vida&#8221; que realiza el Gobierno de Nanchital que preside la Dra. Zoila Balderas Guzm\u00e1n, contin\u00faa recibiendo el respaldo de las instituciones educativas del municipio, por lo que se sigue invitando a la ciudadan\u00eda en general a contribuir con las tapas de pl\u00e1stico y depositarlas en los contenedores ubicados en el Palacio Municipal y otros edificios p\u00fablicos como la Casa de Cultura y el Centro de Desarrollo Comunitario.<\/p>\n<p><img decoding=\"async\" class=\"img\" src=\"https:\/\/scontent.fmtt1-1.fna.fbcdn.net\/v\/t1.15752-9\/88237706_241134900219373_8923217693323034624_n.jpg?_nc_cat=103&amp;_nc_sid=b96e70&amp;_nc_oc=AQnKyu20iqDTVTwad2HvyyTnDCGNj7P4MySwdShDtZzuwNsG_kdlLMKFDRD-xuweGY9vJ1mglkiglPkERjHUNMXn&amp;_nc_ht=scontent.fmtt1-1.fna&amp;oh=71025691f8f0f67cfce69c6c35d53573&amp;oe=5EFECF07\" alt=\"\" \/><\/p>\n","protected":false},"excerpt":{"rendered":"<p>La campa\u00f1a para apoyar a ni\u00f1os con c\u00e1ncer &#8220;Juntemos esperanza de vida&#8221; que realiza el Gobierno de Nanchital que preside la Dra. Zoila Balderas Guzm\u00e1n, contin\u00faa recibiendo el respaldo de las instituciones educativas del municipio, por lo que se sigue invitando a la ciudadan\u00eda en general a contribuir con las tapas de pl\u00e1stico y depositarlas&hellip; <br \/> <a class=\"read-more\" href=\"https:\/\/www.nanchital.gob.mx\/wp-nanchital\/instituciones-educativas-apoyan-campana-juntemos-esperanza-de-vida\/\">Leer m\u00e1s<\/a><\/p>\n","protected":false},"author":7,"featured_media":10357,"comment_status":"closed","ping_status":"closed","sticky":false,"template":"","format":"standard","meta":{"footnotes":""},"categories":[4],"tags":[],"class_list":["post-10355","post","type-post","status-publish","format-standard","has-post-thumbnail","hentry","category-noticias"],"_links":{"self":[{"href":"https:\/\/www.nanchital.gob.mx\/wp-nanchital\/wp-json\/wp\/v2\/posts\/10355","targetHints":{"allow":["GET"]}}],"collection":[{"href":"https:\/\/www.nanchital.gob.mx\/wp-nanchital\/wp-json\/wp\/v2\/posts"}],"about":[{"href":"https:\/\/www.nanchital.gob.mx\/wp-nanchital\/wp-json\/wp\/v2\/types\/post"}],"author":[{"embeddable":true,"href":"https:\/\/www.nanchital.gob.mx\/wp-nanchital\/wp-json\/wp\/v2\/users\/7"}],"replies":[{"embeddable":true,"href":"https:\/\/www.nanchital.gob.mx\/wp-nanchital\/wp-json\/wp\/v2\/comments?post=10355"}],"version-history":[{"count":1,"href":"https:\/\/www.nanchital.gob.mx\/wp-nanchital\/wp-json\/wp\/v2\/posts\/10355\/revisions"}],"predecessor-version":[{"id":10358,"href":"https:\/\/www.nanchital.gob.mx\/wp-nanchital\/wp-json\/wp\/v2\/posts\/10355\/revisions\/10358"}],"wp:featuredmedia":[{"embeddable":true,"href":"https:\/\/www.nanchital.gob.mx\/wp-nanchital\/wp-json\/wp\/v2\/media\/10357"}],"wp:attachment":[{"href":"https:\/\/www.nanchital.gob.mx\/wp-nanchital\/wp-json\/wp\/v2\/media?parent=10355"}],"wp:term":[{"taxonomy":"category","embeddable":true,"href":"https:\/\/www.nanchital.gob.mx\/wp-nanchital\/wp-json\/wp\/v2\/categories?post=10355"},{"taxonomy":"post_tag","embeddable":true,"href":"https:\/\/www.nanchital.gob.mx\/wp-nanchital\/wp-json\/wp\/v2\/tags?post=10355"}],"curies":[{"name":"wp","href":"https:\/\/api.w.org\/{rel}","templated":true}]}}