{"id":10307,"date":"2020-02-25T11:37:34","date_gmt":"2020-02-25T17:37:34","guid":{"rendered":"http:\/\/www.nanchital.gob.mx\/?p=10307"},"modified":"2020-02-25T11:37:34","modified_gmt":"2020-02-25T17:37:34","slug":"se-promueve-el-uso-de-la-aplicacion-mujer-alerta","status":"publish","type":"post","link":"https:\/\/www.nanchital.gob.mx\/wp-nanchital\/se-promueve-el-uso-de-la-aplicacion-mujer-alerta\/","title":{"rendered":"Se promueve el uso de la aplicaci\u00f3n Mujer Alerta"},"content":{"rendered":"<p>Con motivo del D\u00eda Naranja para poner fin a la violencia contra mujeres y ni\u00f1as, el Gobierno Municipal que preside la Dra. Zoila Balderas Guzm\u00e1n, a trav\u00e9s del Instituto Municipal de la Mujer, contin\u00faa promocionando el uso de la aplicaci\u00f3n Mujer Alerta. Para visibilizar la violencia que sufren las mujeres alrededor del planeta se celebra no s\u00f3lo cada 25 de noviembre, sino cada 25 de mes: con el conocido D\u00eda Naranja. Este d\u00eda forma parte de una gran campa\u00f1a nombrada Campa\u00f1a Naranja \u00fanete, puesta en marcha en 2008 por el Secretario General de la Organizaci\u00f3n de las Naciones Unidas y que tiene el objetivo de generar consciencia para prevenir y erradicar la violencia contra las mujeres y ni\u00f1as. Por tal motivo personal del Instituto de la Mujer, realiz\u00f3 esta actividad para informar a todas las personas que visitaron el Palacio Municipal.<\/p>\n<p><img decoding=\"async\" class=\"img\" src=\"https:\/\/scontent.fmtt1-1.fna.fbcdn.net\/v\/t1.15752-9\/s2048x2048\/87530747_900831050372929_8730659023654748160_n.jpg?_nc_cat=106&amp;_nc_oc=AQltrCqBDg7kUmvKuZBUP9eQDtpQpbOEhOxhYiAbqcBIvIIZ3r1lFk-8Lfjm7Jtabqo&amp;_nc_ht=scontent.fmtt1-1.fna&amp;_nc_tp=7&amp;oh=dbfe8a9c9e5858b87717c3303fabe3e0&amp;oe=5EFB061D\" alt=\"\" \/><\/p>\n","protected":false},"excerpt":{"rendered":"<p>Con motivo del D\u00eda Naranja para poner fin a la violencia contra mujeres y ni\u00f1as, el Gobierno Municipal que preside la Dra. Zoila Balderas Guzm\u00e1n, a trav\u00e9s del Instituto Municipal de la Mujer, contin\u00faa promocionando el uso de la aplicaci\u00f3n Mujer Alerta. Para visibilizar la violencia que sufren las mujeres alrededor del planeta se celebra&hellip; <br \/> <a class=\"read-more\" href=\"https:\/\/www.nanchital.gob.mx\/wp-nanchital\/se-promueve-el-uso-de-la-aplicacion-mujer-alerta\/\">Leer m\u00e1s<\/a><\/p>\n","protected":false},"author":7,"featured_media":10309,"comment_status":"closed","ping_status":"closed","sticky":false,"template":"","format":"standard","meta":{"footnotes":""},"categories":[4],"tags":[],"class_list":["post-10307","post","type-post","status-publish","format-standard","has-post-thumbnail","hentry","category-noticias"],"_links":{"self":[{"href":"https:\/\/www.nanchital.gob.mx\/wp-nanchital\/wp-json\/wp\/v2\/posts\/10307","targetHints":{"allow":["GET"]}}],"collection":[{"href":"https:\/\/www.nanchital.gob.mx\/wp-nanchital\/wp-json\/wp\/v2\/posts"}],"about":[{"href":"https:\/\/www.nanchital.gob.mx\/wp-nanchital\/wp-json\/wp\/v2\/types\/post"}],"author":[{"embeddable":true,"href":"https:\/\/www.nanchital.gob.mx\/wp-nanchital\/wp-json\/wp\/v2\/users\/7"}],"replies":[{"embeddable":true,"href":"https:\/\/www.nanchital.gob.mx\/wp-nanchital\/wp-json\/wp\/v2\/comments?post=10307"}],"version-history":[{"count":1,"href":"https:\/\/www.nanchital.gob.mx\/wp-nanchital\/wp-json\/wp\/v2\/posts\/10307\/revisions"}],"predecessor-version":[{"id":10310,"href":"https:\/\/www.nanchital.gob.mx\/wp-nanchital\/wp-json\/wp\/v2\/posts\/10307\/revisions\/10310"}],"wp:featuredmedia":[{"embeddable":true,"href":"https:\/\/www.nanchital.gob.mx\/wp-nanchital\/wp-json\/wp\/v2\/media\/10309"}],"wp:attachment":[{"href":"https:\/\/www.nanchital.gob.mx\/wp-nanchital\/wp-json\/wp\/v2\/media?parent=10307"}],"wp:term":[{"taxonomy":"category","embeddable":true,"href":"https:\/\/www.nanchital.gob.mx\/wp-nanchital\/wp-json\/wp\/v2\/categories?post=10307"},{"taxonomy":"post_tag","embeddable":true,"href":"https:\/\/www.nanchital.gob.mx\/wp-nanchital\/wp-json\/wp\/v2\/tags?post=10307"}],"curies":[{"name":"wp","href":"https:\/\/api.w.org\/{rel}","templated":true}]}}