{"id":10298,"date":"2020-02-24T11:55:30","date_gmt":"2020-02-24T17:55:30","guid":{"rendered":"http:\/\/www.nanchital.gob.mx\/?p=10298"},"modified":"2020-02-24T11:55:30","modified_gmt":"2020-02-24T17:55:30","slug":"se-conmemora-el-dia-de-la-bandera-con-incineracion-y-abanderamiento","status":"publish","type":"post","link":"https:\/\/www.nanchital.gob.mx\/wp-nanchital\/se-conmemora-el-dia-de-la-bandera-con-incineracion-y-abanderamiento\/","title":{"rendered":"Se conmemora el D\u00eda de la Bandera con incineraci\u00f3n y abanderamiento"},"content":{"rendered":"<p>Con el apoyo del 44 Batall\u00f3n de Infanter\u00eda, el Gobierno Municipal que preside la Dra. Zoila Balderas Guzm\u00e1n realiz\u00f3 la ceremonia del D\u00eda de la Bandera, as\u00ed como la incineraci\u00f3n y abanderamiento del nuevo estandarte nacional que se utilizar\u00e1 para los eventos oficiales en la asta del parque Benito Ju\u00e1rez. De acuerdo con la Ley sobre el Escudo, la Bandera y el Himno nacionales en su Art\u00edculo 54 Bis se\u00f1ala que \u201cCuando se requiera destruir alguna r\u00e9plica de la Bandera Nacional, se har\u00e1 mediante la incineraci\u00f3n, en acto respetuoso y solemne, de conformidad con las especificaciones que el reglamento correspondiente determine\u201d por lo que se efect\u00fao dicha ceremonia en el Parque Miguel Hidalgo de esta ciudad. \u201cEn este d\u00eda dedicado en honor a la ense\u00f1a nacional que nos da identidad, origen y orgullo, sirva este homenaje para renovar nuestra identidad, para refrendar el valor que nos da la calidad de buenos mexicanos: la unidad nacional\u201d coment\u00f3 la alcaldesa Dra. Zoila Balderas Guzm\u00e1n.<\/p>\n<p><img decoding=\"async\" class=\"img\" src=\"https:\/\/scontent-dfw5-2.xx.fbcdn.net\/v\/t1.15752-9\/s2048x2048\/87274346_1525856500914605_8220220998251708416_n.jpg?_nc_cat=106&amp;_nc_oc=AQn2IkJdkLYEt8AhgsAiIKnci1uON1PrTR1Da2XJ3Bij_tdUaQfVz8o9TS--pVvtAiY&amp;_nc_ht=scontent-dfw5-2.xx&amp;_nc_tp=7&amp;oh=7c97948ff04047965c2ce390ec8fd992&amp;oe=5EF53016\" alt=\"\" \/><\/p>\n","protected":false},"excerpt":{"rendered":"<p>Con el apoyo del 44 Batall\u00f3n de Infanter\u00eda, el Gobierno Municipal que preside la Dra. Zoila Balderas Guzm\u00e1n realiz\u00f3 la ceremonia del D\u00eda de la Bandera, as\u00ed como la incineraci\u00f3n y abanderamiento del nuevo estandarte nacional que se utilizar\u00e1 para los eventos oficiales en la asta del parque Benito Ju\u00e1rez. De acuerdo con la Ley&hellip; <br \/> <a class=\"read-more\" href=\"https:\/\/www.nanchital.gob.mx\/wp-nanchital\/se-conmemora-el-dia-de-la-bandera-con-incineracion-y-abanderamiento\/\">Leer m\u00e1s<\/a><\/p>\n","protected":false},"author":7,"featured_media":10300,"comment_status":"closed","ping_status":"closed","sticky":false,"template":"","format":"standard","meta":{"footnotes":""},"categories":[4],"tags":[],"class_list":["post-10298","post","type-post","status-publish","format-standard","has-post-thumbnail","hentry","category-noticias"],"_links":{"self":[{"href":"https:\/\/www.nanchital.gob.mx\/wp-nanchital\/wp-json\/wp\/v2\/posts\/10298","targetHints":{"allow":["GET"]}}],"collection":[{"href":"https:\/\/www.nanchital.gob.mx\/wp-nanchital\/wp-json\/wp\/v2\/posts"}],"about":[{"href":"https:\/\/www.nanchital.gob.mx\/wp-nanchital\/wp-json\/wp\/v2\/types\/post"}],"author":[{"embeddable":true,"href":"https:\/\/www.nanchital.gob.mx\/wp-nanchital\/wp-json\/wp\/v2\/users\/7"}],"replies":[{"embeddable":true,"href":"https:\/\/www.nanchital.gob.mx\/wp-nanchital\/wp-json\/wp\/v2\/comments?post=10298"}],"version-history":[{"count":1,"href":"https:\/\/www.nanchital.gob.mx\/wp-nanchital\/wp-json\/wp\/v2\/posts\/10298\/revisions"}],"predecessor-version":[{"id":10301,"href":"https:\/\/www.nanchital.gob.mx\/wp-nanchital\/wp-json\/wp\/v2\/posts\/10298\/revisions\/10301"}],"wp:featuredmedia":[{"embeddable":true,"href":"https:\/\/www.nanchital.gob.mx\/wp-nanchital\/wp-json\/wp\/v2\/media\/10300"}],"wp:attachment":[{"href":"https:\/\/www.nanchital.gob.mx\/wp-nanchital\/wp-json\/wp\/v2\/media?parent=10298"}],"wp:term":[{"taxonomy":"category","embeddable":true,"href":"https:\/\/www.nanchital.gob.mx\/wp-nanchital\/wp-json\/wp\/v2\/categories?post=10298"},{"taxonomy":"post_tag","embeddable":true,"href":"https:\/\/www.nanchital.gob.mx\/wp-nanchital\/wp-json\/wp\/v2\/tags?post=10298"}],"curies":[{"name":"wp","href":"https:\/\/api.w.org\/{rel}","templated":true}]}}