{"id":10272,"date":"2020-02-19T10:25:24","date_gmt":"2020-02-19T16:25:24","guid":{"rendered":"http:\/\/www.nanchital.gob.mx\/?p=10272"},"modified":"2020-02-19T10:25:24","modified_gmt":"2020-02-19T16:25:24","slug":"se-conmemora-el-dia-del-ejercito-mexicano","status":"publish","type":"post","link":"https:\/\/www.nanchital.gob.mx\/wp-nanchital\/se-conmemora-el-dia-del-ejercito-mexicano\/","title":{"rendered":"Se conmemora el D\u00eda del Ej\u00e9rcito Mexicano"},"content":{"rendered":"<p>Con un evento c\u00edvico cultural ofrecido por el jard\u00edn de Ni\u00f1os Guadalupe Su\u00e1rez Vida\u00f1a, el Gobierno Municipal que preside la Dra. Zoila Balderas Guzm\u00e1n, conmemor\u00f3 el D\u00eda del Ej\u00e9rcito Mexicano y las Fuerzas Armadas, en el que las instituciones civiles y educativas entregaron obsequios a los soldados. Este 19 de febrero se conmemora, como cada a\u00f1o, el D\u00eda del Ej\u00e9rcito Mexicano, mismo que se encuentra conformado por las fuerzas militares terrestres y a\u00e9reas de la Secretar\u00eda de la Defensa Nacional (SEDENA), quienes se encargan de resguardar la paz en nuestro territorio, as\u00ed como la seguridad de sus habitantes y proteger la soberan\u00eda del Estado Mexicano. El origen de las fuerzas armadas de M\u00e9xico data del 19 de febrero de 1913, fecha en la que el XXII Congreso Constitucional Libre, Independiente y Soberano de Coahuila desconoci\u00f3 a Victoriano Huerta y dio facultades al entonces gobernador de la entidad, Venustiano Carranza, para que creara una fuerza armada y de esta forma se restableciera el orden constitucional en el pa\u00eds.<\/p>\n<p><img decoding=\"async\" class=\"img\" src=\"https:\/\/scontent.fmtt1-1.fna.fbcdn.net\/v\/t1.15752-9\/s2048x2048\/86858042_1539707386187193_8320982807916576768_n.jpg?_nc_cat=100&amp;_nc_eui2=AeH3yL59Qk2N6-1jIyq9nTI7xbAtdRElfInvjv1XxAN78hpNIOhxSyzi9dMdm4k7bhxXzmR-12lyuINgJA5qUyryNa4UuJAW-aNaTbuns0Ljmg&amp;_nc_oc=AQn1bXT2GVl9ih90Ak9qZ7VQBEFzaROVt2-NXoPHI94p46n9-owLHfm-3x1JPcyW538&amp;_nc_ht=scontent.fmtt1-1.fna&amp;_nc_tp=7&amp;oh=9aa32cba63dab61ecd77b27e70976623&amp;oe=5EC35218\" alt=\"\" \/><\/p>\n","protected":false},"excerpt":{"rendered":"<p>Con un evento c\u00edvico cultural ofrecido por el jard\u00edn de Ni\u00f1os Guadalupe Su\u00e1rez Vida\u00f1a, el Gobierno Municipal que preside la Dra. Zoila Balderas Guzm\u00e1n, conmemor\u00f3 el D\u00eda del Ej\u00e9rcito Mexicano y las Fuerzas Armadas, en el que las instituciones civiles y educativas entregaron obsequios a los soldados. Este 19 de febrero se conmemora, como cada&hellip; <br \/> <a class=\"read-more\" href=\"https:\/\/www.nanchital.gob.mx\/wp-nanchital\/se-conmemora-el-dia-del-ejercito-mexicano\/\">Leer m\u00e1s<\/a><\/p>\n","protected":false},"author":7,"featured_media":10274,"comment_status":"closed","ping_status":"closed","sticky":false,"template":"","format":"standard","meta":{"footnotes":""},"categories":[4],"tags":[],"class_list":["post-10272","post","type-post","status-publish","format-standard","has-post-thumbnail","hentry","category-noticias"],"_links":{"self":[{"href":"https:\/\/www.nanchital.gob.mx\/wp-nanchital\/wp-json\/wp\/v2\/posts\/10272","targetHints":{"allow":["GET"]}}],"collection":[{"href":"https:\/\/www.nanchital.gob.mx\/wp-nanchital\/wp-json\/wp\/v2\/posts"}],"about":[{"href":"https:\/\/www.nanchital.gob.mx\/wp-nanchital\/wp-json\/wp\/v2\/types\/post"}],"author":[{"embeddable":true,"href":"https:\/\/www.nanchital.gob.mx\/wp-nanchital\/wp-json\/wp\/v2\/users\/7"}],"replies":[{"embeddable":true,"href":"https:\/\/www.nanchital.gob.mx\/wp-nanchital\/wp-json\/wp\/v2\/comments?post=10272"}],"version-history":[{"count":1,"href":"https:\/\/www.nanchital.gob.mx\/wp-nanchital\/wp-json\/wp\/v2\/posts\/10272\/revisions"}],"predecessor-version":[{"id":10277,"href":"https:\/\/www.nanchital.gob.mx\/wp-nanchital\/wp-json\/wp\/v2\/posts\/10272\/revisions\/10277"}],"wp:featuredmedia":[{"embeddable":true,"href":"https:\/\/www.nanchital.gob.mx\/wp-nanchital\/wp-json\/wp\/v2\/media\/10274"}],"wp:attachment":[{"href":"https:\/\/www.nanchital.gob.mx\/wp-nanchital\/wp-json\/wp\/v2\/media?parent=10272"}],"wp:term":[{"taxonomy":"category","embeddable":true,"href":"https:\/\/www.nanchital.gob.mx\/wp-nanchital\/wp-json\/wp\/v2\/categories?post=10272"},{"taxonomy":"post_tag","embeddable":true,"href":"https:\/\/www.nanchital.gob.mx\/wp-nanchital\/wp-json\/wp\/v2\/tags?post=10272"}],"curies":[{"name":"wp","href":"https:\/\/api.w.org\/{rel}","templated":true}]}}