{"id":10257,"date":"2020-02-18T10:01:29","date_gmt":"2020-02-18T16:01:29","guid":{"rendered":"http:\/\/www.nanchital.gob.mx\/?p=10257"},"modified":"2020-02-18T10:01:29","modified_gmt":"2020-02-18T16:01:29","slug":"ayuntamiento-firma-convenio-con-la-cedh","status":"publish","type":"post","link":"https:\/\/www.nanchital.gob.mx\/wp-nanchital\/ayuntamiento-firma-convenio-con-la-cedh\/","title":{"rendered":"Ayuntamiento firma convenio con la CEDH"},"content":{"rendered":"<p>Con el objetivo de trabajar en conjunto en pro de los derechos humanos en el municipio, el Ayuntamiento de Nanchital que preside la Dra. Zoila Balderas Guzm\u00e1n, firm\u00f3 el convenio de colaboraci\u00f3n institucional con la Comisi\u00f3n Estatal de los Derechos Humanos. En el evento estuvo presente la Dra. Namiko Matzumoto Ben\u00edtez, Presidenta de la Comisi\u00f3n Estatal de los Derechos Humanos, adem\u00e1s del cabildo municipal y titulares de las dependencias involucradas. \u201cComo primera autoridad ante la Comisi\u00f3n del Departamento de Promoci\u00f3n, difusi\u00f3n y defensa de los Derechos Humanos e Igualdad de g\u00e9nero, enfatizo que para el Gobierno de Nanchital es de vital importancia crear pol\u00edticas p\u00fablicas transversales, para reducir las desigualdades y las arbitrariedades en contra de las personas con situaci\u00f3n vulnerable\u201d coment\u00f3 la alcaldesa Dra. Zoila Balderas Guzm\u00e1n.<\/p>\n<p><img decoding=\"async\" class=\"img\" src=\"https:\/\/scontent.fmtt1-1.fna.fbcdn.net\/v\/t1.15752-9\/s2048x2048\/86631292_285427372434455_9082906643267584000_n.jpg?_nc_cat=108&amp;_nc_oc=AQkv_Jx8mjedI9nYYE0Rx4yvibXmChd0NrfO1C2Jv7S91QBXxarGUa0g4Tmx_-4epfA&amp;_nc_ht=scontent.fmtt1-1.fna&amp;_nc_tp=7&amp;oh=49f659eba89824e90b31eb733036d6dc&amp;oe=5ECDEDC5\" alt=\"\" \/><\/p>\n","protected":false},"excerpt":{"rendered":"<p>Con el objetivo de trabajar en conjunto en pro de los derechos humanos en el municipio, el Ayuntamiento de Nanchital que preside la Dra. Zoila Balderas Guzm\u00e1n, firm\u00f3 el convenio de colaboraci\u00f3n institucional con la Comisi\u00f3n Estatal de los Derechos Humanos. En el evento estuvo presente la Dra. Namiko Matzumoto Ben\u00edtez, Presidenta de la Comisi\u00f3n&hellip; <br \/> <a class=\"read-more\" href=\"https:\/\/www.nanchital.gob.mx\/wp-nanchital\/ayuntamiento-firma-convenio-con-la-cedh\/\">Leer m\u00e1s<\/a><\/p>\n","protected":false},"author":7,"featured_media":10262,"comment_status":"closed","ping_status":"closed","sticky":false,"template":"","format":"standard","meta":{"footnotes":""},"categories":[4],"tags":[],"class_list":["post-10257","post","type-post","status-publish","format-standard","has-post-thumbnail","hentry","category-noticias"],"_links":{"self":[{"href":"https:\/\/www.nanchital.gob.mx\/wp-nanchital\/wp-json\/wp\/v2\/posts\/10257","targetHints":{"allow":["GET"]}}],"collection":[{"href":"https:\/\/www.nanchital.gob.mx\/wp-nanchital\/wp-json\/wp\/v2\/posts"}],"about":[{"href":"https:\/\/www.nanchital.gob.mx\/wp-nanchital\/wp-json\/wp\/v2\/types\/post"}],"author":[{"embeddable":true,"href":"https:\/\/www.nanchital.gob.mx\/wp-nanchital\/wp-json\/wp\/v2\/users\/7"}],"replies":[{"embeddable":true,"href":"https:\/\/www.nanchital.gob.mx\/wp-nanchital\/wp-json\/wp\/v2\/comments?post=10257"}],"version-history":[{"count":1,"href":"https:\/\/www.nanchital.gob.mx\/wp-nanchital\/wp-json\/wp\/v2\/posts\/10257\/revisions"}],"predecessor-version":[{"id":10263,"href":"https:\/\/www.nanchital.gob.mx\/wp-nanchital\/wp-json\/wp\/v2\/posts\/10257\/revisions\/10263"}],"wp:featuredmedia":[{"embeddable":true,"href":"https:\/\/www.nanchital.gob.mx\/wp-nanchital\/wp-json\/wp\/v2\/media\/10262"}],"wp:attachment":[{"href":"https:\/\/www.nanchital.gob.mx\/wp-nanchital\/wp-json\/wp\/v2\/media?parent=10257"}],"wp:term":[{"taxonomy":"category","embeddable":true,"href":"https:\/\/www.nanchital.gob.mx\/wp-nanchital\/wp-json\/wp\/v2\/categories?post=10257"},{"taxonomy":"post_tag","embeddable":true,"href":"https:\/\/www.nanchital.gob.mx\/wp-nanchital\/wp-json\/wp\/v2\/tags?post=10257"}],"curies":[{"name":"wp","href":"https:\/\/api.w.org\/{rel}","templated":true}]}}