{"id":10248,"date":"2020-02-17T09:17:07","date_gmt":"2020-02-17T15:17:07","guid":{"rendered":"http:\/\/www.nanchital.gob.mx\/?p=10248"},"modified":"2020-02-17T09:17:07","modified_gmt":"2020-02-17T15:17:07","slug":"14-parejas-unen-sus-vidas-en-las-bodas-colectivas","status":"publish","type":"post","link":"https:\/\/www.nanchital.gob.mx\/wp-nanchital\/14-parejas-unen-sus-vidas-en-las-bodas-colectivas\/","title":{"rendered":"14 parejas unen sus vidas en las Bodas colectivas"},"content":{"rendered":"<p>El Gobierno Municipal que preside la Dra. Zoila Balderas Guzm\u00e1n en coordinaci\u00f3n con el Registro Civil y el Sistema DIF Nanchital llev\u00f3 a cabo las Bodas Colectivas 2020, evento en el que 14 parejas de esta ciudad contrajeron matrimonio.<\/p>\n<p><img decoding=\"async\" class=\"img\" src=\"https:\/\/scontent.fmtt1-1.fna.fbcdn.net\/v\/t1.15752-9\/87145567_180704773218614_2097525842543378432_n.jpg?_nc_cat=106&amp;_nc_oc=AQnzWy6UwN2adzqI9Y-shY73DQKTC2rzhoWmsGnyPtdChh9OAoDX9um-aN6eayklfvs&amp;_nc_ht=scontent.fmtt1-1.fna&amp;oh=0df4981a8e6810232df7bf51f4901a46&amp;oe=5EFAEA7E\" alt=\"\" \/><\/p>\n","protected":false},"excerpt":{"rendered":"<p>El Gobierno Municipal que preside la Dra. Zoila Balderas Guzm\u00e1n en coordinaci\u00f3n con el Registro Civil y el Sistema DIF Nanchital llev\u00f3 a cabo las Bodas Colectivas 2020, evento en el que 14 parejas de esta ciudad contrajeron matrimonio.<\/p>\n","protected":false},"author":7,"featured_media":10250,"comment_status":"closed","ping_status":"closed","sticky":false,"template":"","format":"standard","meta":{"footnotes":""},"categories":[4],"tags":[],"class_list":["post-10248","post","type-post","status-publish","format-standard","has-post-thumbnail","hentry","category-noticias"],"_links":{"self":[{"href":"https:\/\/www.nanchital.gob.mx\/wp-nanchital\/wp-json\/wp\/v2\/posts\/10248","targetHints":{"allow":["GET"]}}],"collection":[{"href":"https:\/\/www.nanchital.gob.mx\/wp-nanchital\/wp-json\/wp\/v2\/posts"}],"about":[{"href":"https:\/\/www.nanchital.gob.mx\/wp-nanchital\/wp-json\/wp\/v2\/types\/post"}],"author":[{"embeddable":true,"href":"https:\/\/www.nanchital.gob.mx\/wp-nanchital\/wp-json\/wp\/v2\/users\/7"}],"replies":[{"embeddable":true,"href":"https:\/\/www.nanchital.gob.mx\/wp-nanchital\/wp-json\/wp\/v2\/comments?post=10248"}],"version-history":[{"count":1,"href":"https:\/\/www.nanchital.gob.mx\/wp-nanchital\/wp-json\/wp\/v2\/posts\/10248\/revisions"}],"predecessor-version":[{"id":10251,"href":"https:\/\/www.nanchital.gob.mx\/wp-nanchital\/wp-json\/wp\/v2\/posts\/10248\/revisions\/10251"}],"wp:featuredmedia":[{"embeddable":true,"href":"https:\/\/www.nanchital.gob.mx\/wp-nanchital\/wp-json\/wp\/v2\/media\/10250"}],"wp:attachment":[{"href":"https:\/\/www.nanchital.gob.mx\/wp-nanchital\/wp-json\/wp\/v2\/media?parent=10248"}],"wp:term":[{"taxonomy":"category","embeddable":true,"href":"https:\/\/www.nanchital.gob.mx\/wp-nanchital\/wp-json\/wp\/v2\/categories?post=10248"},{"taxonomy":"post_tag","embeddable":true,"href":"https:\/\/www.nanchital.gob.mx\/wp-nanchital\/wp-json\/wp\/v2\/tags?post=10248"}],"curies":[{"name":"wp","href":"https:\/\/api.w.org\/{rel}","templated":true}]}}