{"id":10237,"date":"2020-02-14T12:22:42","date_gmt":"2020-02-14T18:22:42","guid":{"rendered":"http:\/\/www.nanchital.gob.mx\/?p=10237"},"modified":"2020-02-14T12:22:42","modified_gmt":"2020-02-14T18:22:42","slug":"se-reforesta-en-el-parque-miguel-hidalgo","status":"publish","type":"post","link":"https:\/\/www.nanchital.gob.mx\/wp-nanchital\/se-reforesta-en-el-parque-miguel-hidalgo\/","title":{"rendered":"Se reforesta en el Parque Miguel Hidalgo"},"content":{"rendered":"<p>Con la finalidad de embellecer espacios p\u00fablicos y fomentar el cuidado del ambiente, el Gobierno Municipal que preside la Dra. Zoila Balderas Guzm\u00e1n, llev\u00f3 a cabo una reforestaci\u00f3n en el Parque Miguel Hidalgo y en las \u00e1reas verdes del DIF Municipal, en trabajo coordinado entre la Direcci\u00f3n de\u00a0Ecolog\u00eda y Educaci\u00f3n.<\/p>\n<p><img decoding=\"async\" class=\"img\" src=\"https:\/\/scontent.fmtt1-1.fna.fbcdn.net\/v\/t1.15752-9\/86399231_228619964832096_7876997779237634048_n.jpg?_nc_cat=106&amp;_nc_oc=AQmHG5q90uy6qd-ucyQIIMgeBfjY87WXGjgVRcydirCTEfXg7LBvyj5CbKEOdPz9AfU&amp;_nc_ht=scontent.fmtt1-1.fna&amp;oh=b52f8b2fb504d0a8479698b6fe1b95d7&amp;oe=5EFFE796\" alt=\"\" \/><\/p>\n","protected":false},"excerpt":{"rendered":"<p>Con la finalidad de embellecer espacios p\u00fablicos y fomentar el cuidado del ambiente, el Gobierno Municipal que preside la Dra. Zoila Balderas Guzm\u00e1n, llev\u00f3 a cabo una reforestaci\u00f3n en el Parque Miguel Hidalgo y en las \u00e1reas verdes del DIF Municipal, en trabajo coordinado entre la Direcci\u00f3n de\u00a0Ecolog\u00eda y Educaci\u00f3n.<\/p>\n","protected":false},"author":7,"featured_media":10239,"comment_status":"closed","ping_status":"closed","sticky":false,"template":"","format":"standard","meta":{"footnotes":""},"categories":[4],"tags":[],"class_list":["post-10237","post","type-post","status-publish","format-standard","has-post-thumbnail","hentry","category-noticias"],"_links":{"self":[{"href":"https:\/\/www.nanchital.gob.mx\/wp-nanchital\/wp-json\/wp\/v2\/posts\/10237","targetHints":{"allow":["GET"]}}],"collection":[{"href":"https:\/\/www.nanchital.gob.mx\/wp-nanchital\/wp-json\/wp\/v2\/posts"}],"about":[{"href":"https:\/\/www.nanchital.gob.mx\/wp-nanchital\/wp-json\/wp\/v2\/types\/post"}],"author":[{"embeddable":true,"href":"https:\/\/www.nanchital.gob.mx\/wp-nanchital\/wp-json\/wp\/v2\/users\/7"}],"replies":[{"embeddable":true,"href":"https:\/\/www.nanchital.gob.mx\/wp-nanchital\/wp-json\/wp\/v2\/comments?post=10237"}],"version-history":[{"count":1,"href":"https:\/\/www.nanchital.gob.mx\/wp-nanchital\/wp-json\/wp\/v2\/posts\/10237\/revisions"}],"predecessor-version":[{"id":10240,"href":"https:\/\/www.nanchital.gob.mx\/wp-nanchital\/wp-json\/wp\/v2\/posts\/10237\/revisions\/10240"}],"wp:featuredmedia":[{"embeddable":true,"href":"https:\/\/www.nanchital.gob.mx\/wp-nanchital\/wp-json\/wp\/v2\/media\/10239"}],"wp:attachment":[{"href":"https:\/\/www.nanchital.gob.mx\/wp-nanchital\/wp-json\/wp\/v2\/media?parent=10237"}],"wp:term":[{"taxonomy":"category","embeddable":true,"href":"https:\/\/www.nanchital.gob.mx\/wp-nanchital\/wp-json\/wp\/v2\/categories?post=10237"},{"taxonomy":"post_tag","embeddable":true,"href":"https:\/\/www.nanchital.gob.mx\/wp-nanchital\/wp-json\/wp\/v2\/tags?post=10237"}],"curies":[{"name":"wp","href":"https:\/\/api.w.org\/{rel}","templated":true}]}}