{"id":10211,"date":"2020-02-12T09:40:47","date_gmt":"2020-02-12T15:40:47","guid":{"rendered":"http:\/\/www.nanchital.gob.mx\/?p=10211"},"modified":"2020-02-12T09:40:47","modified_gmt":"2020-02-12T15:40:47","slug":"iniciara-jornada-de-rotulacion-de-bovedas-en-el-panteon-tepeyac","status":"publish","type":"post","link":"https:\/\/www.nanchital.gob.mx\/wp-nanchital\/iniciara-jornada-de-rotulacion-de-bovedas-en-el-panteon-tepeyac\/","title":{"rendered":"Iniciar\u00e1 jornada de rotulaci\u00f3n de b\u00f3vedas en el pante\u00f3n Tepeyac"},"content":{"rendered":"<p>Con el objetivo de actualizar el censo de ocupaci\u00f3n en el Pante\u00f3n Tepeyac para hacer levantamiento de l\u00e1pidas en abandono y habilitar m\u00e1s espacios, a partir de ma\u00f1ana mi\u00e9rcoles 12 de Febrero iniciar\u00e1 el programa permanente de rotulaci\u00f3n de b\u00f3vedas, en horario de 8 a 11 de la ma\u00f1ana, por lo que los due\u00f1os de dichos espacios, deber\u00e1n presentar el \u00faltimo recibo de pago y su constancia de perpetuidad con el encargado municipal de panteones Giovani Robles Pereyra.<\/p>\n<p><img decoding=\"async\" class=\"spotlight\" src=\"https:\/\/scontent.fmtt1-1.fna.fbcdn.net\/v\/t1.0-9\/85087861_474025446609415_6054525151318376448_o.jpg?_nc_cat=110&amp;_nc_oc=AQkkBC1-8tdatbE1tAqYwxnxe2x3KoaVMreTGAwzO6DB2ZzEEJRh_jfmqIBkF_sLc52BkRXDc-Ox9zSfFSNU8TgD&amp;_nc_ht=scontent.fmtt1-1.fna&amp;oh=6b5baaaa2331dabd3bb85416f28cbb82&amp;oe=5ED072C5\" alt=\"La imagen puede contener: cielo y exterior\" \/><\/p>\n","protected":false},"excerpt":{"rendered":"<p>Con el objetivo de actualizar el censo de ocupaci\u00f3n en el Pante\u00f3n Tepeyac para hacer levantamiento de l\u00e1pidas en abandono y habilitar m\u00e1s espacios, a partir de ma\u00f1ana mi\u00e9rcoles 12 de Febrero iniciar\u00e1 el programa permanente de rotulaci\u00f3n de b\u00f3vedas, en horario de 8 a 11 de la ma\u00f1ana, por lo que los due\u00f1os de&hellip; <br \/> <a class=\"read-more\" href=\"https:\/\/www.nanchital.gob.mx\/wp-nanchital\/iniciara-jornada-de-rotulacion-de-bovedas-en-el-panteon-tepeyac\/\">Leer m\u00e1s<\/a><\/p>\n","protected":false},"author":7,"featured_media":10213,"comment_status":"closed","ping_status":"closed","sticky":false,"template":"","format":"standard","meta":{"footnotes":""},"categories":[4],"tags":[],"class_list":["post-10211","post","type-post","status-publish","format-standard","has-post-thumbnail","hentry","category-noticias"],"_links":{"self":[{"href":"https:\/\/www.nanchital.gob.mx\/wp-nanchital\/wp-json\/wp\/v2\/posts\/10211","targetHints":{"allow":["GET"]}}],"collection":[{"href":"https:\/\/www.nanchital.gob.mx\/wp-nanchital\/wp-json\/wp\/v2\/posts"}],"about":[{"href":"https:\/\/www.nanchital.gob.mx\/wp-nanchital\/wp-json\/wp\/v2\/types\/post"}],"author":[{"embeddable":true,"href":"https:\/\/www.nanchital.gob.mx\/wp-nanchital\/wp-json\/wp\/v2\/users\/7"}],"replies":[{"embeddable":true,"href":"https:\/\/www.nanchital.gob.mx\/wp-nanchital\/wp-json\/wp\/v2\/comments?post=10211"}],"version-history":[{"count":1,"href":"https:\/\/www.nanchital.gob.mx\/wp-nanchital\/wp-json\/wp\/v2\/posts\/10211\/revisions"}],"predecessor-version":[{"id":10214,"href":"https:\/\/www.nanchital.gob.mx\/wp-nanchital\/wp-json\/wp\/v2\/posts\/10211\/revisions\/10214"}],"wp:featuredmedia":[{"embeddable":true,"href":"https:\/\/www.nanchital.gob.mx\/wp-nanchital\/wp-json\/wp\/v2\/media\/10213"}],"wp:attachment":[{"href":"https:\/\/www.nanchital.gob.mx\/wp-nanchital\/wp-json\/wp\/v2\/media?parent=10211"}],"wp:term":[{"taxonomy":"category","embeddable":true,"href":"https:\/\/www.nanchital.gob.mx\/wp-nanchital\/wp-json\/wp\/v2\/categories?post=10211"},{"taxonomy":"post_tag","embeddable":true,"href":"https:\/\/www.nanchital.gob.mx\/wp-nanchital\/wp-json\/wp\/v2\/tags?post=10211"}],"curies":[{"name":"wp","href":"https:\/\/api.w.org\/{rel}","templated":true}]}}