{"id":10176,"date":"2020-02-11T10:12:30","date_gmt":"2020-02-11T16:12:30","guid":{"rendered":"http:\/\/www.nanchital.gob.mx\/?p=10176"},"modified":"2020-02-11T10:12:30","modified_gmt":"2020-02-11T16:12:30","slug":"se-abren-inscripciones-para-talleres-de-capacitacion-para-el-trabajo","status":"publish","type":"post","link":"https:\/\/www.nanchital.gob.mx\/wp-nanchital\/se-abren-inscripciones-para-talleres-de-capacitacion-para-el-trabajo\/","title":{"rendered":"Se abren inscripciones para talleres de capacitaci\u00f3n para el trabajo"},"content":{"rendered":"<p>El Gobierno Municipal que preside la Dra. Zoila Balderas Guzm\u00e1n invita a la poblaci\u00f3n a que se inscriba en los pr\u00f3ximos talleres de capacitaci\u00f3n para el trabajo que iniciar\u00e1n el 7 de marzo de este a\u00f1o, teniendo como sede el DIF Municipal. Dentro de los talleres que se ofrecen son Auxiliar de enfermer\u00eda los s\u00e1bados con horario de 9 de la ma\u00f1ana a 2 de la tarde, belleza y maquillaje de 5 a 7 de la tarde los martes, jueves y viernes; as\u00ed como corte y confecci\u00f3n de 4 a 6 de la tarde los martes, mi\u00e9rcoles y viernes. Para mayores informes comunicarse a los tel\u00e9fonos 2164094, 9211030385 y 9211237191.<\/p>\n<p><img decoding=\"async\" class=\"spotlight\" src=\"https:\/\/scontent.fmtt1-1.fna.fbcdn.net\/v\/t1.0-9\/84092517_473834279961865_2648479660249186304_o.jpg?_nc_cat=102&amp;_nc_oc=AQlvd9CjOpHR4s5vZhryCaABxTf8JypkFlcZQiHjyRePkSh8kDoWkQpo6LqFUOGoOms&amp;_nc_ht=scontent.fmtt1-1.fna&amp;oh=d95c8f060d52fbb574f29bd4cad91f3b&amp;oe=5ED5A99B\" alt=\"No hay descripci\u00f3n de la foto disponible.\" \/><\/p>\n","protected":false},"excerpt":{"rendered":"<p>El Gobierno Municipal que preside la Dra. Zoila Balderas Guzm\u00e1n invita a la poblaci\u00f3n a que se inscriba en los pr\u00f3ximos talleres de capacitaci\u00f3n para el trabajo que iniciar\u00e1n el 7 de marzo de este a\u00f1o, teniendo como sede el DIF Municipal. Dentro de los talleres que se ofrecen son Auxiliar de enfermer\u00eda los s\u00e1bados&hellip; <br \/> <a class=\"read-more\" href=\"https:\/\/www.nanchital.gob.mx\/wp-nanchital\/se-abren-inscripciones-para-talleres-de-capacitacion-para-el-trabajo\/\">Leer m\u00e1s<\/a><\/p>\n","protected":false},"author":7,"featured_media":10178,"comment_status":"closed","ping_status":"closed","sticky":false,"template":"","format":"standard","meta":{"footnotes":""},"categories":[4],"tags":[],"class_list":["post-10176","post","type-post","status-publish","format-standard","has-post-thumbnail","hentry","category-noticias"],"_links":{"self":[{"href":"https:\/\/www.nanchital.gob.mx\/wp-nanchital\/wp-json\/wp\/v2\/posts\/10176","targetHints":{"allow":["GET"]}}],"collection":[{"href":"https:\/\/www.nanchital.gob.mx\/wp-nanchital\/wp-json\/wp\/v2\/posts"}],"about":[{"href":"https:\/\/www.nanchital.gob.mx\/wp-nanchital\/wp-json\/wp\/v2\/types\/post"}],"author":[{"embeddable":true,"href":"https:\/\/www.nanchital.gob.mx\/wp-nanchital\/wp-json\/wp\/v2\/users\/7"}],"replies":[{"embeddable":true,"href":"https:\/\/www.nanchital.gob.mx\/wp-nanchital\/wp-json\/wp\/v2\/comments?post=10176"}],"version-history":[{"count":1,"href":"https:\/\/www.nanchital.gob.mx\/wp-nanchital\/wp-json\/wp\/v2\/posts\/10176\/revisions"}],"predecessor-version":[{"id":10179,"href":"https:\/\/www.nanchital.gob.mx\/wp-nanchital\/wp-json\/wp\/v2\/posts\/10176\/revisions\/10179"}],"wp:featuredmedia":[{"embeddable":true,"href":"https:\/\/www.nanchital.gob.mx\/wp-nanchital\/wp-json\/wp\/v2\/media\/10178"}],"wp:attachment":[{"href":"https:\/\/www.nanchital.gob.mx\/wp-nanchital\/wp-json\/wp\/v2\/media?parent=10176"}],"wp:term":[{"taxonomy":"category","embeddable":true,"href":"https:\/\/www.nanchital.gob.mx\/wp-nanchital\/wp-json\/wp\/v2\/categories?post=10176"},{"taxonomy":"post_tag","embeddable":true,"href":"https:\/\/www.nanchital.gob.mx\/wp-nanchital\/wp-json\/wp\/v2\/tags?post=10176"}],"curies":[{"name":"wp","href":"https:\/\/api.w.org\/{rel}","templated":true}]}}