{"id":10127,"date":"2020-02-06T10:31:56","date_gmt":"2020-02-06T16:31:56","guid":{"rendered":"http:\/\/www.nanchital.gob.mx\/?p=10127"},"modified":"2020-02-06T10:31:56","modified_gmt":"2020-02-06T16:31:56","slug":"se-realizara-el-primer-festival-del-antojo-y-del-artesano","status":"publish","type":"post","link":"https:\/\/www.nanchital.gob.mx\/wp-nanchital\/se-realizara-el-primer-festival-del-antojo-y-del-artesano\/","title":{"rendered":"Se realizar\u00e1 el Primer Festival del Antojo y del Artesano"},"content":{"rendered":"<p>Del 13 al 15 de Febrero en la Plaza de la Juventud se llevar\u00e1 a cabo el Primer Festival del Antojo y del Artesano en Nanchital, gracias a la iniciativa del Gobierno Municipal que preside la Dra. Zoila Balderas Guzm\u00e1n por brindarle a los emprendedores un espacio para dar a conocer sus productos. Los m\u00e1s de 50 emprendedores ofrecer\u00e1n sus productos en un horario de 4 de la tarde a 10 de la noche, en el escenario se tendr\u00e1 el jueves 13 un evento cultural con la participaci\u00f3n de Son del Nanche, el viernes 14 se realizar\u00e1n las bodas colectivas con un gran baile amenizado por el grupo Super Oro, un Dj, adem\u00e1s de muchas sorpresas. Por \u00faltimo, el s\u00e1bado 15 el grupo de cantantes \u201cVoces Bohemias\u201d ser\u00e1n quienes brinden a los asistentes una noche rom\u00e1ntica para celebrar el fin de semana del D\u00eda del amor y la amistad.<\/p>\n<p><img decoding=\"async\" class=\"img\" src=\"https:\/\/scontent.fmtt1-1.fna.fbcdn.net\/v\/t1.15752-9\/p1080x2048\/83802910_203505594179254_5468684499678134272_n.jpg?_nc_cat=107&amp;_nc_eui2=AeGKGHfcOfMOIYjNQUOBTdtcwWlbEwi8DJAZJlJuaN5jUkechugkE9zYs1qburSIaCg5sj_sS3zLSKaktc8uQVRvtBY6fWAtbDnw3Vt7ibicUA&amp;_nc_oc=AQnpcLFL5WBgoYzYQXgE87uHSLsTfbTcx18A0lI_US6lemQ2KHqrEv4NoVY1f6xMsGnSAX4E7qRadZUa_kmelN9c&amp;_nc_ht=scontent.fmtt1-1.fna&amp;_nc_tp=6&amp;oh=4f18a092d66bf097fa553402368f6c4f&amp;oe=5ED2707D\" alt=\"\" \/><\/p>\n","protected":false},"excerpt":{"rendered":"<p>Del 13 al 15 de Febrero en la Plaza de la Juventud se llevar\u00e1 a cabo el Primer Festival del Antojo y del Artesano en Nanchital, gracias a la iniciativa del Gobierno Municipal que preside la Dra. Zoila Balderas Guzm\u00e1n por brindarle a los emprendedores un espacio para dar a conocer sus productos. Los m\u00e1s&hellip; <br \/> <a class=\"read-more\" href=\"https:\/\/www.nanchital.gob.mx\/wp-nanchital\/se-realizara-el-primer-festival-del-antojo-y-del-artesano\/\">Leer m\u00e1s<\/a><\/p>\n","protected":false},"author":7,"featured_media":10129,"comment_status":"closed","ping_status":"closed","sticky":false,"template":"","format":"standard","meta":{"footnotes":""},"categories":[4],"tags":[],"class_list":["post-10127","post","type-post","status-publish","format-standard","has-post-thumbnail","hentry","category-noticias"],"_links":{"self":[{"href":"https:\/\/www.nanchital.gob.mx\/wp-nanchital\/wp-json\/wp\/v2\/posts\/10127","targetHints":{"allow":["GET"]}}],"collection":[{"href":"https:\/\/www.nanchital.gob.mx\/wp-nanchital\/wp-json\/wp\/v2\/posts"}],"about":[{"href":"https:\/\/www.nanchital.gob.mx\/wp-nanchital\/wp-json\/wp\/v2\/types\/post"}],"author":[{"embeddable":true,"href":"https:\/\/www.nanchital.gob.mx\/wp-nanchital\/wp-json\/wp\/v2\/users\/7"}],"replies":[{"embeddable":true,"href":"https:\/\/www.nanchital.gob.mx\/wp-nanchital\/wp-json\/wp\/v2\/comments?post=10127"}],"version-history":[{"count":1,"href":"https:\/\/www.nanchital.gob.mx\/wp-nanchital\/wp-json\/wp\/v2\/posts\/10127\/revisions"}],"predecessor-version":[{"id":10130,"href":"https:\/\/www.nanchital.gob.mx\/wp-nanchital\/wp-json\/wp\/v2\/posts\/10127\/revisions\/10130"}],"wp:featuredmedia":[{"embeddable":true,"href":"https:\/\/www.nanchital.gob.mx\/wp-nanchital\/wp-json\/wp\/v2\/media\/10129"}],"wp:attachment":[{"href":"https:\/\/www.nanchital.gob.mx\/wp-nanchital\/wp-json\/wp\/v2\/media?parent=10127"}],"wp:term":[{"taxonomy":"category","embeddable":true,"href":"https:\/\/www.nanchital.gob.mx\/wp-nanchital\/wp-json\/wp\/v2\/categories?post=10127"},{"taxonomy":"post_tag","embeddable":true,"href":"https:\/\/www.nanchital.gob.mx\/wp-nanchital\/wp-json\/wp\/v2\/tags?post=10127"}],"curies":[{"name":"wp","href":"https:\/\/api.w.org\/{rel}","templated":true}]}}